{"id":25399,"date":"2019-11-29T12:06:12","date_gmt":"2019-11-29T12:06:12","guid":{"rendered":"http:\/\/www.lanuevaopcion.cl\/?p=25399"},"modified":"2019-11-29T12:06:12","modified_gmt":"2019-11-29T12:06:12","slug":"confirmado-luis-lacalle-pou-es-el-nuevo-presidente-de-uruguay","status":"publish","type":"post","link":"http:\/\/www.lanuevaopcion.cl\/?p=25399","title":{"rendered":"CONFIRMADO: LUIS LACALLE POU ES EL NUEVO PRESIDENTE DE URUGUAY"},"content":{"rendered":"<p><img loading=\"lazy\" decoding=\"async\"  alt=\"\" src=\"http:\/\/lanacion.cl\/wp-content\/uploads\/2019\/11\/luis-lacalle-pou-afp-324x160.jpg\" class=\"alignleft\" width=\"324\" height=\"160\" \/ class=\"alignleft\" style=\"margin-right:15px;margin-bottom:10px;float:left;\" ><br \/>\nEl candidato del partido oficialista Frente Amplio (izquierda), Daniel Mart\u00ednez, reconoci\u00f3 este jueves la victoria de su contrincante de centroderecha, Luis Lacalle Pou, en la segunda vuelta de las elecciones presidenciales de Uruguay celebradas el 24 de noviembre.<\/p>\n<p>\u201cSaludamos al presidente electo @LuisLacallePou, con quien mantendr\u00e9 una reuni\u00f3n ma\u00f1ana\u201d, escribi\u00f3 Mart\u00ednez en su cuenta de Twitter, tras el ajustado escrutinio primario del domingo que oblig\u00f3 al tribunal electoral a esperar por un recuento antes de oficializar el resultado.<br \/>\n<!--more--><br \/>\nSeg\u00fan el conteo inicial Lacalle Pou obtuvo 1,168 millones de sufragios, frente a 1,139 de Mart\u00ednez, una diferencia de menos de 30.000 votos que era inferior al c\u00f3mputo de los denominados votos \u201cobservados\u201d -cuando los electores sufragan en circuitos que no les corresponden o no figuran en el padr\u00f3n- que totalizaron 35.000 y que demoran en contabilizarse pues debe cotejarse la identidad del votante.<\/p>\n<p>\u201cSeguiremos defendiendo la democracia con m\u00e1s fuerza que nunca\u201d, agreg\u00f3 en un tuit subsiguiente el candidato del gobernante Frente Amplio.<\/p>\n<p>En su cuenta de Twitter, Lacalle Pou se limit\u00f3 a republicar dos tuits de la cuenta oficial de su partido, el Partido Nacional.<\/p>\n<p>Uno de ellos dice: \u201cEl Uruguay ya tiene nuevo Presidente!! @LuisLacallePou\u201d, acompa\u00f1ado de una imagen de Lacalle junto a la ahora vicepresidenta electa, Beatriz Argim\u00f3n, y otro que reza \u201c#AhoraS\u00ed Celebramos el Uruguay de todos!\u201d, aludiendo al esl\u00f3gan de campa\u00f1a \u201cAhora s\u00ed\u201d y publicado junto a un video con im\u00e1genes de militantes agitando banderas.<\/p>\n<p>A pesar del comp\u00e1s de espera que se abri\u00f3 el domingo, Lacalle Pou, de 46 a\u00f1os, ha avanzado ya en el armado de su futuro gabinete, que integrar\u00e1 a representantes de los partidos que participaron de la coalici\u00f3n a la que se atribuye la clave de su victoria: Partido Colorado (centro), Partido Independiente (centroizquierda), Partido de la Gente (centroderecha) y el recientemente constituido Cabildo Abierto (derecha).<\/p>\n<p>Uruguay form\u00f3 parte de un grupo de pa\u00edses que vir\u00f3 hacia administraciones de izquierda en la d\u00e9cada pasada, cuando gobernaron N\u00e9stor Kirchner y Cristina Fern\u00e1ndez en Argentina, Luiz In\u00e1cio Lula da Silva en Brasil o Rafael Correa en Ecuador.<br \/>\nhttp:\/\/lanacion.cl\/2019\/11\/28\/confirmado-luis-lacalle-pou-es-el-nuevo-presidente-de-uruguay\/<br \/>\nFUENTE. LA NACION.CL<\/p>\n","protected":false},"excerpt":{"rendered":"<p>El candidato del partido oficialista Frente Amplio (izquierda), Daniel Mart\u00ednez, reconoci\u00f3 este jueves la victoria de su contrincante de centroderecha, Luis Lacalle Pou, en la segunda vuelta de las elecciones presidenciales de Uruguay celebradas el 24 de noviembre. \u201cSaludamos al presidente electo @LuisLacallePou, con quien mantendr\u00e9 una reuni\u00f3n ma\u00f1ana\u201d, escribi\u00f3 Mart\u00ednez en su cuenta de [&hellip;]<\/p>\n","protected":false},"author":51,"featured_media":0,"comment_status":"open","ping_status":"open","sticky":false,"template":"","format":"standard","meta":{"footnotes":""},"categories":[4,5,16,1],"tags":[451,450],"class_list":["post-25399","post","type-post","status-publish","format-standard","hentry","category-economia","category-internacional","category-nacional","category-uncategorized","tag-elecciones-presidenciales","tag-uruguay"],"_links":{"self":[{"href":"http:\/\/www.lanuevaopcion.cl\/index.php?rest_route=\/wp\/v2\/posts\/25399","targetHints":{"allow":["GET"]}}],"collection":[{"href":"http:\/\/www.lanuevaopcion.cl\/index.php?rest_route=\/wp\/v2\/posts"}],"about":[{"href":"http:\/\/www.lanuevaopcion.cl\/index.php?rest_route=\/wp\/v2\/types\/post"}],"author":[{"embeddable":true,"href":"http:\/\/www.lanuevaopcion.cl\/index.php?rest_route=\/wp\/v2\/users\/51"}],"replies":[{"embeddable":true,"href":"http:\/\/www.lanuevaopcion.cl\/index.php?rest_route=%2Fwp%2Fv2%2Fcomments&post=25399"}],"version-history":[{"count":1,"href":"http:\/\/www.lanuevaopcion.cl\/index.php?rest_route=\/wp\/v2\/posts\/25399\/revisions"}],"predecessor-version":[{"id":25400,"href":"http:\/\/www.lanuevaopcion.cl\/index.php?rest_route=\/wp\/v2\/posts\/25399\/revisions\/25400"}],"wp:attachment":[{"href":"http:\/\/www.lanuevaopcion.cl\/index.php?rest_route=%2Fwp%2Fv2%2Fmedia&parent=25399"}],"wp:term":[{"taxonomy":"category","embeddable":true,"href":"http:\/\/www.lanuevaopcion.cl\/index.php?rest_route=%2Fwp%2Fv2%2Fcategories&post=25399"},{"taxonomy":"post_tag","embeddable":true,"href":"http:\/\/www.lanuevaopcion.cl\/index.php?rest_route=%2Fwp%2Fv2%2Ftags&post=25399"}],"curies":[{"name":"wp","href":"https:\/\/api.w.org\/{rel}","templated":true}]}}