{"id":25397,"date":"2019-11-28T11:39:04","date_gmt":"2019-11-28T11:39:04","guid":{"rendered":"http:\/\/www.lanuevaopcion.cl\/?p=25397"},"modified":"2019-11-28T11:39:04","modified_gmt":"2019-11-28T11:39:04","slug":"eeuu-acusa-a-cuba-y-venezuela-de-exacerbar-conflictos-en-sudamerica","status":"publish","type":"post","link":"http:\/\/www.lanuevaopcion.cl\/?p=25397","title":{"rendered":"EEUU ACUSA A CUBA Y VENEZUELA DE EXACERBAR CONFLICTOS EN SUDAM\u00c9RICA"},"content":{"rendered":"<p><img loading=\"lazy\" decoding=\"async\"  alt=\"\" src=\"http:\/\/lanacion.cl\/wp-content\/uploads\/2019\/11\/mnb-324x160.png\" class=\"alignleft\" width=\"324\" height=\"160\" \/ class=\"alignleft\" style=\"margin-right:15px;margin-bottom:10px;float:left;\" ><br \/>\nEstados Unidos acus\u00f3 este mi\u00e9rcoles a Cuba y Venezuela de fomentar conflictos en Sudam\u00e9rica, escenario en las \u00faltimas semanas de masivas protestas antigubernamentales en varios pa\u00edses.<\/p>\n<p>El representante especial de Estados Unidos para los asuntos de Venezuela, Elliott Abrams, dijo que Caracas y La Habana usaron las redes sociales y otros medios para fomentar los disturbios, algo \u201cobvio\u201d seg\u00fan registros de dominio p\u00fablico, afirm\u00f3.<br \/>\n<!--more--><br \/>\n\u201cSe est\u00e1 empezando a tener pruebas de un esfuerzo de los reg\u00edmenes en Cuba y Venezuela para exacerbar los problemas en Sudam\u00e9rica\u201d, dijo a periodistas Abrams, que lidera en el Departamento de Estado el cerco diplom\u00e1tico para forzar la salida del poder del presidente izquierdista Nicol\u00e1s Maduro.<\/p>\n<p>Abrams se\u00f1al\u00f3 adem\u00e1s la reciente expulsi\u00f3n de 59 venezolanos de Colombia por participar en manifestaciones masivas contra el presidente conservador Ivan Duque.<\/p>\n<p>Tambi\u00e9n cit\u00f3 acusaciones, negadas por La Habana, de que cubanos financiaron protestas contra la mandataria interina de derecha en Bolivia, donde el presidente izquierdista Evo Morales renunci\u00f3 en medio de alegaciones de fraude en su pol\u00e9mica b\u00fasqueda de la reelecci\u00f3n.<\/p>\n<p>Funcionarios estadounidenses tambi\u00e9n acusaron a Venezuela de incidir en las manifestaciones que han sacudido a Ecuador y Chile en el \u00faltimo mes y medio.<\/p>\n<p>Las protestas, todas contra gobiernos aliados de Estados Unidos, dejaron m\u00e1s de 60 muertos y da\u00f1os millonarios.<\/p>\n<p>\u201cSeguimos muy de cerca lo que los cubanos y los venezolanos est\u00e1n haciendo en toda Sudam\u00e9rica\u201d, advirti\u00f3 Abrams.<\/p>\n<p>Estados Unidos considera que Cuba, su enemigo desde la revoluci\u00f3n de Fidel Castro en 1959, es el principal sost\u00e9n ideol\u00f3gico de Maduro, que sigue en el poder a pesar de que la mayor\u00eda de las naciones occidentales y latinoamericanas  consideran ileg\u00edtimo su mandato tras numerosos informes de irregularidades en las elecciones de mayo de 2018.<\/p>\n<p>Consultado sobre la campa\u00f1a internacional promovida desde enero por Estados Unidos en respaldo del l\u00edder opositor venezolano Juan Guaid\u00f3, quien como jefe parlamentario invoc\u00f3 art\u00edculos de la Constituci\u00f3n y se proclam\u00f3 presidente encargado con miras a organizar nuevas elecciones, Abrams descart\u00f3 un cambio de rumbo.<\/p>\n<p>\u201cNo, no tenemos un Plan B. Tenemos un Plan A. Creemos que funcionar\u00e1\u201d, dijo.<\/p>\n<p>\u201cNo puede haber soluci\u00f3n a los terribles problemas que enfrentan los venezolanos diariamente mientras el r\u00e9gimen de Maduro est\u00e9 en el poder, porque el r\u00e9gimen de Maduro cre\u00f3 esos problemas y los est\u00e1 exacerbando\u201d, dijo.<\/p>\n<p>La ofensiva de la Casa Blanca incluye una bater\u00eda de sanciones, entre ellas un embargo de facto al crudo de Venezuela, crucial para su econom\u00eda, en aguda contracci\u00f3n desde 2013.<\/p>\n<p>Abrams enfatiz\u00f3 que las medidas econ\u00f3micas estadounidenses no afectan la compra de alimentos ni medicinas, y destac\u00f3 que el gobierno de Maduro prefiere destinar sus recursos a Rusia, China y Cuba antes que al bienestar de su poblaci\u00f3n.<\/p>\n<p>Estados Unidos culpa a Maduro de la debacle de la otrora potencia petrolera, que seg\u00fan la ONU ha dejado en los \u00faltimos a\u00f1os m\u00e1s de 4,6 millones de migrantes y refugiados, la mayor\u00eda en pa\u00edses vecinos.<br \/>\nhttp:\/\/lanacion.cl\/2019\/11\/27\/eeuu-acusa-a-cuba-y-venezuela-de-exacerbar-conflictos-en-sudamerica\/<br \/>\nFUENTE. LA NACION.CL<\/p>\n","protected":false},"excerpt":{"rendered":"<p>Estados Unidos acus\u00f3 este mi\u00e9rcoles a Cuba y Venezuela de fomentar conflictos en Sudam\u00e9rica, escenario en las \u00faltimas semanas de masivas protestas antigubernamentales en varios pa\u00edses. El representante especial de Estados Unidos para los asuntos de Venezuela, Elliott Abrams, dijo que Caracas y La Habana usaron las redes sociales y otros medios para fomentar los [&hellip;]<\/p>\n","protected":false},"author":51,"featured_media":0,"comment_status":"open","ping_status":"open","sticky":false,"template":"","format":"standard","meta":{"footnotes":""},"categories":[8,4,5,16,1,11],"tags":[77],"class_list":["post-25397","post","type-post","status-publish","format-standard","hentry","category-cultura","category-economia","category-internacional","category-nacional","category-uncategorized","category-tendencias","tag-mundo"],"_links":{"self":[{"href":"http:\/\/www.lanuevaopcion.cl\/index.php?rest_route=\/wp\/v2\/posts\/25397","targetHints":{"allow":["GET"]}}],"collection":[{"href":"http:\/\/www.lanuevaopcion.cl\/index.php?rest_route=\/wp\/v2\/posts"}],"about":[{"href":"http:\/\/www.lanuevaopcion.cl\/index.php?rest_route=\/wp\/v2\/types\/post"}],"author":[{"embeddable":true,"href":"http:\/\/www.lanuevaopcion.cl\/index.php?rest_route=\/wp\/v2\/users\/51"}],"replies":[{"embeddable":true,"href":"http:\/\/www.lanuevaopcion.cl\/index.php?rest_route=%2Fwp%2Fv2%2Fcomments&post=25397"}],"version-history":[{"count":1,"href":"http:\/\/www.lanuevaopcion.cl\/index.php?rest_route=\/wp\/v2\/posts\/25397\/revisions"}],"predecessor-version":[{"id":25398,"href":"http:\/\/www.lanuevaopcion.cl\/index.php?rest_route=\/wp\/v2\/posts\/25397\/revisions\/25398"}],"wp:attachment":[{"href":"http:\/\/www.lanuevaopcion.cl\/index.php?rest_route=%2Fwp%2Fv2%2Fmedia&parent=25397"}],"wp:term":[{"taxonomy":"category","embeddable":true,"href":"http:\/\/www.lanuevaopcion.cl\/index.php?rest_route=%2Fwp%2Fv2%2Fcategories&post=25397"},{"taxonomy":"post_tag","embeddable":true,"href":"http:\/\/www.lanuevaopcion.cl\/index.php?rest_route=%2Fwp%2Fv2%2Ftags&post=25397"}],"curies":[{"name":"wp","href":"https:\/\/api.w.org\/{rel}","templated":true}]}}