{"id":25395,"date":"2019-11-27T12:56:28","date_gmt":"2019-11-27T12:56:28","guid":{"rendered":"http:\/\/www.lanuevaopcion.cl\/?p=25395"},"modified":"2019-11-27T12:56:28","modified_gmt":"2019-11-27T12:56:28","slug":"incendio-afecta-a-un-local-de-telas-en-independencia","status":"publish","type":"post","link":"http:\/\/www.lanuevaopcion.cl\/?p=25395","title":{"rendered":"INCENDIO AFECTA A UN LOCAL DE TELAS EN INDEPENDENCIA"},"content":{"rendered":"<p><img loading=\"lazy\" decoding=\"async\"  alt=\"\" src=\"http:\/\/lanacion.cl\/wp-content\/uploads\/2019\/11\/incendio-independencia2-324x160.jpg\" class=\"alignleft\" width=\"324\" height=\"160\" \/ class=\"alignleft\" style=\"margin-right:15px;margin-bottom:10px;float:left;\" ><br \/>\nUn incendio de grandes proporciones afecta este mi\u00e9rcoles a un local comercial de venta de telas en la comuna de Independencia.<\/p>\n<p>Varias compa\u00f1\u00edas de Bomberos se dirigieron a la esquina de las calles Independencia con An\u00edbal Pinto para tratar de controlar las llamas, que se originaron a partir de las 6:30.<br \/>\n<!--more--><br \/>\nLos voluntarios trabajan arduamente para que el fuego no se propague, aunque ya fue afectado una sucursal de un banco. A ra\u00edz de esto se determin\u00f3 la evacuaci\u00f3n de los habitantes de un cit\u00e9 vecino por precauci\u00f3n.<\/p>\n<p>Para una mejor labor de Bomberos, se suspendi\u00f3 el tr\u00e1nsito en dicho sector.<br \/>\nhttp:\/\/lanacion.cl\/2019\/11\/27\/incendio-afecta-a-un-local-de-telas-en-independencia\/<br \/>\nFUENTE. LA NACION.CL<\/p>\n","protected":false},"excerpt":{"rendered":"<p>Un incendio de grandes proporciones afecta este mi\u00e9rcoles a un local comercial de venta de telas en la comuna de Independencia. Varias compa\u00f1\u00edas de Bomberos se dirigieron a la esquina de las calles Independencia con An\u00edbal Pinto para tratar de controlar las llamas, que se originaron a partir de las 6:30.<\/p>\n","protected":false},"author":51,"featured_media":0,"comment_status":"open","ping_status":"open","sticky":false,"template":"","format":"standard","meta":{"footnotes":""},"categories":[4,5,16,30,1,11],"tags":[449,310],"class_list":["post-25395","post","type-post","status-publish","format-standard","hentry","category-economia","category-internacional","category-nacional","category-policial","category-uncategorized","category-tendencias","tag-bomberos","tag-incendio"],"_links":{"self":[{"href":"http:\/\/www.lanuevaopcion.cl\/index.php?rest_route=\/wp\/v2\/posts\/25395","targetHints":{"allow":["GET"]}}],"collection":[{"href":"http:\/\/www.lanuevaopcion.cl\/index.php?rest_route=\/wp\/v2\/posts"}],"about":[{"href":"http:\/\/www.lanuevaopcion.cl\/index.php?rest_route=\/wp\/v2\/types\/post"}],"author":[{"embeddable":true,"href":"http:\/\/www.lanuevaopcion.cl\/index.php?rest_route=\/wp\/v2\/users\/51"}],"replies":[{"embeddable":true,"href":"http:\/\/www.lanuevaopcion.cl\/index.php?rest_route=%2Fwp%2Fv2%2Fcomments&post=25395"}],"version-history":[{"count":1,"href":"http:\/\/www.lanuevaopcion.cl\/index.php?rest_route=\/wp\/v2\/posts\/25395\/revisions"}],"predecessor-version":[{"id":25396,"href":"http:\/\/www.lanuevaopcion.cl\/index.php?rest_route=\/wp\/v2\/posts\/25395\/revisions\/25396"}],"wp:attachment":[{"href":"http:\/\/www.lanuevaopcion.cl\/index.php?rest_route=%2Fwp%2Fv2%2Fmedia&parent=25395"}],"wp:term":[{"taxonomy":"category","embeddable":true,"href":"http:\/\/www.lanuevaopcion.cl\/index.php?rest_route=%2Fwp%2Fv2%2Fcategories&post=25395"},{"taxonomy":"post_tag","embeddable":true,"href":"http:\/\/www.lanuevaopcion.cl\/index.php?rest_route=%2Fwp%2Fv2%2Ftags&post=25395"}],"curies":[{"name":"wp","href":"https:\/\/api.w.org\/{rel}","templated":true}]}}