{"id":25390,"date":"2019-11-25T10:36:16","date_gmt":"2019-11-25T10:36:16","guid":{"rendered":"http:\/\/www.lanuevaopcion.cl\/?p=25390"},"modified":"2019-11-25T10:36:16","modified_gmt":"2019-11-25T10:36:16","slug":"bloque-de-unidad-social-convoca-a-paro-y-huelga-general-pare-este-lunes-y-martes","status":"publish","type":"post","link":"http:\/\/www.lanuevaopcion.cl\/?p=25390","title":{"rendered":"BLOQUE DE UNIDAD SOCIAL CONVOCA A PARO Y HUELGA GENERAL PARE ESTE LUNES Y MARTES"},"content":{"rendered":"<p><img loading=\"lazy\" decoding=\"async\"  alt=\"\" src=\"http:\/\/lanacion.cl\/wp-content\/uploads\/2019\/11\/FOTO-MESA-UNIDAD-SOCIAL-324x160.jpg\" class=\"alignleft\" width=\"324\" height=\"160\" \/ class=\"alignleft\" style=\"margin-right:15px;margin-bottom:10px;float:left;\" ><br \/>\nUn paro sectorial que se desarrollar\u00e1 este lunes 25 y una gran huelga general para el martes 26 de noviembre, fue la convocatoria el que realiz\u00f3 el bloque sindical de la Unidad Social -que agrupa a m\u00e1s de cien organizaciones sindicales, gremiales y sociales- apoyados por trabajadores portuarios, de la construcci\u00f3n y del comercio.<br \/>\n<!--more--><br \/>\nSeg\u00fan dijeron, el objetivo de esta nueva movilizaci\u00f3n es plantear la preocupaci\u00f3n de los sindicatos de sectores p\u00fablicos y privados por los acuerdos suscritos durante las \u00faltimas semanas por los parlamentarios y partidos pol\u00edticos, que a su juicio, no los representan.<\/p>\n<p>Entre las peticiones de los gremios est\u00e1 que se garantice un proceso constituyente con participaci\u00f3n de la ciudadan\u00eda y que se reestructure la agenda social del Gobierno, incluyendo las peticiones entregadas por la mesa social entregada hace algunas semanas.<\/p>\n<p>Dentro de la convocatoria tambi\u00e9n participan los trabajadores del aeropuerto y los transportistas, cuyo dirigente llam\u00f3 a sus colegas a no trabajar durante estos d\u00edas, ya que el gobierno, sostienen \u201cno ha sabido garantizar la seguridad de sus colegas\u201d.<br \/>\nhttp:\/\/lanacion.cl\/2019\/11\/24\/bloque-de-unidad-social-convoca-a-paro-y-huelga-general-pare-este-lunes-y-martes\/<br \/>\nFUENTE. LA NACION.CL<\/p>\n","protected":false},"excerpt":{"rendered":"<p>Un paro sectorial que se desarrollar\u00e1 este lunes 25 y una gran huelga general para el martes 26 de noviembre, fue la convocatoria el que realiz\u00f3 el bloque sindical de la Unidad Social -que agrupa a m\u00e1s de cien organizaciones sindicales, gremiales y sociales- apoyados por trabajadores portuarios, de la construcci\u00f3n y del comercio.<\/p>\n","protected":false},"author":51,"featured_media":0,"comment_status":"open","ping_status":"open","sticky":false,"template":"","format":"standard","meta":{"footnotes":""},"categories":[8,4,5,16,1,11],"tags":[96,448],"class_list":["post-25390","post","type-post","status-publish","format-standard","hentry","category-cultura","category-economia","category-internacional","category-nacional","category-uncategorized","category-tendencias","tag-cut","tag-paro-sectorial"],"_links":{"self":[{"href":"http:\/\/www.lanuevaopcion.cl\/index.php?rest_route=\/wp\/v2\/posts\/25390","targetHints":{"allow":["GET"]}}],"collection":[{"href":"http:\/\/www.lanuevaopcion.cl\/index.php?rest_route=\/wp\/v2\/posts"}],"about":[{"href":"http:\/\/www.lanuevaopcion.cl\/index.php?rest_route=\/wp\/v2\/types\/post"}],"author":[{"embeddable":true,"href":"http:\/\/www.lanuevaopcion.cl\/index.php?rest_route=\/wp\/v2\/users\/51"}],"replies":[{"embeddable":true,"href":"http:\/\/www.lanuevaopcion.cl\/index.php?rest_route=%2Fwp%2Fv2%2Fcomments&post=25390"}],"version-history":[{"count":1,"href":"http:\/\/www.lanuevaopcion.cl\/index.php?rest_route=\/wp\/v2\/posts\/25390\/revisions"}],"predecessor-version":[{"id":25391,"href":"http:\/\/www.lanuevaopcion.cl\/index.php?rest_route=\/wp\/v2\/posts\/25390\/revisions\/25391"}],"wp:attachment":[{"href":"http:\/\/www.lanuevaopcion.cl\/index.php?rest_route=%2Fwp%2Fv2%2Fmedia&parent=25390"}],"wp:term":[{"taxonomy":"category","embeddable":true,"href":"http:\/\/www.lanuevaopcion.cl\/index.php?rest_route=%2Fwp%2Fv2%2Fcategories&post=25390"},{"taxonomy":"post_tag","embeddable":true,"href":"http:\/\/www.lanuevaopcion.cl\/index.php?rest_route=%2Fwp%2Fv2%2Ftags&post=25390"}],"curies":[{"name":"wp","href":"https:\/\/api.w.org\/{rel}","templated":true}]}}