{"id":25370,"date":"2019-11-21T12:36:19","date_gmt":"2019-11-21T12:36:19","guid":{"rendered":"http:\/\/www.lanuevaopcion.cl\/?p=25370"},"modified":"2019-11-21T12:36:19","modified_gmt":"2019-11-21T12:36:19","slug":"gobierno-y-senado-lograron-acuerdo-social-y-despacharon-presupuesto-a-la-camara","status":"publish","type":"post","link":"http:\/\/www.lanuevaopcion.cl\/?p=25370","title":{"rendered":"GOBIERNO Y SENADO LOGRARON ACUERDO SOCIAL Y DESPACHARON PRESUPUESTO A LA C\u00c1MARA"},"content":{"rendered":"<p><img loading=\"lazy\" decoding=\"async\"  alt=\"\" src=\"http:\/\/lanacion.cl\/wp-content\/uploads\/2019\/11\/presupuesto-aton-324x160.jpg\" class=\"alignleft\" width=\"324\" height=\"160\" \/ class=\"alignleft\" style=\"margin-right:15px;margin-bottom:10px;float:left;\" ><br \/>\nEl ministro de Hacienda, Ignacio Briones, dio a conocer en la madrugada de este jueves un marco de entendimiento social alcanzado entre el Gobierno y senadores de Chile Vamos y de oposici\u00f3n para enfrentar diversas peticiones en la discusi\u00f3n del proyecto de presupuestos del sector p\u00fablico para el a\u00f1o 2020.<br \/>\n<!--more--><br \/>\nCon este acuerdo concluy\u00f3 el debate y votaci\u00f3n del presupuesto que ahora ir\u00e1 a tercer tr\u00e1mite, a la C\u00e1mara de Diputados, donde se deber\u00e1n analizar los cambios introducidos por los senadores, en particular, el rechazo o rebaja a $1.000 de ciertos montos, tales como, los gastos reservados para Carabineros y la reducci\u00f3n de dineros para la compra de la deuda de los beneficiarios del CAE por parte del Estado, entre otros.<\/p>\n<p>\u201cEste marco es una muestra del compromiso republicano con las pol\u00edticas p\u00fablicas para mejorar la calidad de vida de los chilenos y chilenas, respetando la institucionalidad vigente y la sustentabilidad de las finanzas p\u00fablicas del pa\u00eds\u201d, explic\u00f3 el ministro Briones en el hall del Senado en el Congreso de Valpara\u00edso.<\/p>\n<p>El protocolo aborda los siguientes temas:<\/p>\n<p>\u25ba Se aumenta un 50% de la Pensi\u00f3n B\u00e1sica Solidaria y el Aporte Previsional Solidario para los mayores de 80 a\u00f1os. Tambi\u00e9n de manera gradual (2020 a 2022), se incrementan estos montos para los adultos de entre 65 y 75 a\u00f1os.<br \/>\n\u25ba Se acelera la tramitaci\u00f3n del proyecto de pensiones. Gobierno recurrir\u00e1 con recursos fiscales los dos primeros a\u00f1os considerando el alza de la tasa de cotizaci\u00f3n.<br \/>\n\u25ba Se rebaja a la mitad de la tarifa del transporte p\u00fablico en todo el pa\u00eds, para los adultos mayores de 65 a\u00f1os, la que deber\u00eda estar implementada en todo el pa\u00eds a junio del 2020.<br \/>\n\u25ba Se sube el perc\u00e1pita de salud. Hoy este indicador est\u00e1 en $6.494 y se sube un 11%, es decir, llegar\u00e1 a $7.200.<br \/>\n\u25ba Se crea un registro digital de la Central Nacional de Abastecimiento (Cebanast) que permitir\u00e1 la compra por parte de todos los chilenos, de f\u00e1rmacos a los valores que este centro adquiere (muy por debajo de los valores comerciales).<br \/>\n\u25ba Tambi\u00e9n se permite el pago simplificado en la importaci\u00f3n de medicamentos y se elimina el impuesto del IVA por la internaci\u00f3n de tejidos para trasplante de m\u00e9dulas.<br \/>\n\u25ba Se agiliza la ley de f\u00e1rmacos 2.<br \/>\n\u25ba Ingreso m\u00ednimo garantizado.<\/p>\n<p>El ministro explic\u00f3 que este acuerdo representa un compromiso de aprobar las partidas rechazadas del proyecto de Presupuesto 2020, rechazar las indicaciones de car\u00e1cter inconstitucional presentadas y aprobadas durante la discusi\u00f3n, reponer los gastos rebajados durante la discusi\u00f3n, y votar a favor las indicaciones tendientes a implementar el marco de entendimiento social.<\/p>\n<p>La autoridad valor\u00f3 el esp\u00edritu de di\u00e1logo de los \u00faltimos d\u00edas tendientes a alcanzar este importante acuerdo: \u201cDespu\u00e9s de intensas jornadas de trabajo, nos complace poder avanzar en demandas muy sentidas de la poblaci\u00f3n en materia social, particularmente, en lo que respecta a nuestros adultos mayores , mejoramiento de pensiones y el transporte p\u00fablico para los adultos mayores\u201d.<br \/>\nhttp:\/\/lanacion.cl\/2019\/11\/21\/gobierno-y-senado-lograron-acuerdo-social-y-despacharon-presupuesto-a-la-camara\/<br \/>\nFUENTE. LA NACION.CL<\/p>\n","protected":false},"excerpt":{"rendered":"<p>El ministro de Hacienda, Ignacio Briones, dio a conocer en la madrugada de este jueves un marco de entendimiento social alcanzado entre el Gobierno y senadores de Chile Vamos y de oposici\u00f3n para enfrentar diversas peticiones en la discusi\u00f3n del proyecto de presupuestos del sector p\u00fablico para el a\u00f1o 2020.<\/p>\n","protected":false},"author":51,"featured_media":0,"comment_status":"open","ping_status":"open","sticky":false,"template":"","format":"standard","meta":{"footnotes":""},"categories":[4,5,16,1,11],"tags":[446],"class_list":["post-25370","post","type-post","status-publish","format-standard","hentry","category-economia","category-internacional","category-nacional","category-uncategorized","category-tendencias","tag-ministro-de-hacienda"],"_links":{"self":[{"href":"http:\/\/www.lanuevaopcion.cl\/index.php?rest_route=\/wp\/v2\/posts\/25370","targetHints":{"allow":["GET"]}}],"collection":[{"href":"http:\/\/www.lanuevaopcion.cl\/index.php?rest_route=\/wp\/v2\/posts"}],"about":[{"href":"http:\/\/www.lanuevaopcion.cl\/index.php?rest_route=\/wp\/v2\/types\/post"}],"author":[{"embeddable":true,"href":"http:\/\/www.lanuevaopcion.cl\/index.php?rest_route=\/wp\/v2\/users\/51"}],"replies":[{"embeddable":true,"href":"http:\/\/www.lanuevaopcion.cl\/index.php?rest_route=%2Fwp%2Fv2%2Fcomments&post=25370"}],"version-history":[{"count":1,"href":"http:\/\/www.lanuevaopcion.cl\/index.php?rest_route=\/wp\/v2\/posts\/25370\/revisions"}],"predecessor-version":[{"id":25371,"href":"http:\/\/www.lanuevaopcion.cl\/index.php?rest_route=\/wp\/v2\/posts\/25370\/revisions\/25371"}],"wp:attachment":[{"href":"http:\/\/www.lanuevaopcion.cl\/index.php?rest_route=%2Fwp%2Fv2%2Fmedia&parent=25370"}],"wp:term":[{"taxonomy":"category","embeddable":true,"href":"http:\/\/www.lanuevaopcion.cl\/index.php?rest_route=%2Fwp%2Fv2%2Fcategories&post=25370"},{"taxonomy":"post_tag","embeddable":true,"href":"http:\/\/www.lanuevaopcion.cl\/index.php?rest_route=%2Fwp%2Fv2%2Ftags&post=25370"}],"curies":[{"name":"wp","href":"https:\/\/api.w.org\/{rel}","templated":true}]}}