{"id":25081,"date":"2019-07-30T11:57:39","date_gmt":"2019-07-30T11:57:39","guid":{"rendered":"http:\/\/www.lanuevaopcion.cl\/?p=25081"},"modified":"2019-07-30T11:57:39","modified_gmt":"2019-07-30T11:57:39","slug":"coloma-blinda-a-lavin-%e2%80%9cha-entendido-mejor-que-nadie-los-desafios-de-chile%e2%80%9d","status":"publish","type":"post","link":"http:\/\/www.lanuevaopcion.cl\/?p=25081","title":{"rendered":"COLOMA BLINDA A LAV\u00cdN: \u201cHA ENTENDIDO MEJOR QUE NADIE LOS DESAF\u00cdOS DE CHILE\u201d"},"content":{"rendered":"<p><img loading=\"lazy\" decoding=\"async\"  alt=\"\" src=\"http:\/\/lanacion.cl\/wp-content\/uploads\/2018\/02\/Aton_275156-324x160.jpg\" class=\"alignleft\" width=\"324\" height=\"160\" \/ class=\"alignleft\" style=\"margin-right:15px;margin-bottom:10px;float:left;\" ><br \/>\nEl senador Juan Antonio Coloma (UDI) se refiri\u00f3 al emplazamiento que Andr\u00e9s Allamand (RN) realiz\u00f3 al alcalde de Las Condes, Joaqu\u00edn Lav\u00edn (UDI), ante una eventual candidatura presidencial para el a\u00f1o 2021. <\/p>\n<p>Ante ello, Coloma manifest\u00f3 que \u201cno le hace bien al pa\u00eds, ni a Chile Vamos, adelantar los procesos presidenciales. Llevamos un a\u00f1o y cuatro meses (de gobierno), hay muchas cosas que hacer, muchas cosas en las que concentrarse\u201d.<br \/>\n<!--more--><br \/>\n\u201cYa habr\u00e1 tiempo para el tema presidencial que es importante, pero que no puede, a esta altura, generarse una especie de discusi\u00f3n entre candidatos eventualmente presidenciales\u201d, a\u00f1adi\u00f3 el parlamentario gremialista.<\/p>\n<p>En esa l\u00ednea, el legislador afirm\u00f3 que \u201cLav\u00edn ha entendido mejor que nadie los desaf\u00edos del Chile moderno, que son m\u00e1s ciudadanos, m\u00e1s horizontales, m\u00e1s con capacidad de escuchar, y es la misma forma como ha enfrentado los problemas de los municipios, de una forma muy exitosa\u201d. <\/p>\n<p>\u201cEn su tiempo veremos, y \u00e9l (Lav\u00edn) ver\u00e1, si est\u00e1n las condiciones para otro tipo de liderazgo, pero creo que \u00e9l ha entendido mucho mejor a la ciudadan\u00eda. La ciudadan\u00eda no quiere ver hoy d\u00eda que se est\u00e9n discutiendo luchas por quien puede ser candidato presidencial\u201d, agreg\u00f3 el senador.<\/p>\n<p>Por \u00faltimo, Coloma asegur\u00f3 que \u201cla gente quiere autoridades que hagan bien la pega. Despu\u00e9s, en su momento, veremos qu\u00e9 puede ocurrir con el tremendo liderazgo que \u00e9l (Lav\u00edn) tiene\u201d.<br \/>\nhttp:\/\/lanacion.cl\/2019\/07\/29\/coloma-blinda-a-lavin-ha-entendido-mejor-que-nadie-los-desafios-de-chile\/<br \/>\nFUENTE. LA NACION.CL<\/p>\n","protected":false},"excerpt":{"rendered":"<p>El senador Juan Antonio Coloma (UDI) se refiri\u00f3 al emplazamiento que Andr\u00e9s Allamand (RN) realiz\u00f3 al alcalde de Las Condes, Joaqu\u00edn Lav\u00edn (UDI), ante una eventual candidatura presidencial para el a\u00f1o 2021. Ante ello, Coloma manifest\u00f3 que \u201cno le hace bien al pa\u00eds, ni a Chile Vamos, adelantar los procesos presidenciales. Llevamos un a\u00f1o y [&hellip;]<\/p>\n","protected":false},"author":51,"featured_media":0,"comment_status":"open","ping_status":"open","sticky":false,"template":"","format":"standard","meta":{"footnotes":""},"categories":[16,1,11],"tags":[386],"class_list":["post-25081","post","type-post","status-publish","format-standard","hentry","category-nacional","category-uncategorized","category-tendencias","tag-joaquin-lavin"],"_links":{"self":[{"href":"http:\/\/www.lanuevaopcion.cl\/index.php?rest_route=\/wp\/v2\/posts\/25081","targetHints":{"allow":["GET"]}}],"collection":[{"href":"http:\/\/www.lanuevaopcion.cl\/index.php?rest_route=\/wp\/v2\/posts"}],"about":[{"href":"http:\/\/www.lanuevaopcion.cl\/index.php?rest_route=\/wp\/v2\/types\/post"}],"author":[{"embeddable":true,"href":"http:\/\/www.lanuevaopcion.cl\/index.php?rest_route=\/wp\/v2\/users\/51"}],"replies":[{"embeddable":true,"href":"http:\/\/www.lanuevaopcion.cl\/index.php?rest_route=%2Fwp%2Fv2%2Fcomments&post=25081"}],"version-history":[{"count":1,"href":"http:\/\/www.lanuevaopcion.cl\/index.php?rest_route=\/wp\/v2\/posts\/25081\/revisions"}],"predecessor-version":[{"id":25082,"href":"http:\/\/www.lanuevaopcion.cl\/index.php?rest_route=\/wp\/v2\/posts\/25081\/revisions\/25082"}],"wp:attachment":[{"href":"http:\/\/www.lanuevaopcion.cl\/index.php?rest_route=%2Fwp%2Fv2%2Fmedia&parent=25081"}],"wp:term":[{"taxonomy":"category","embeddable":true,"href":"http:\/\/www.lanuevaopcion.cl\/index.php?rest_route=%2Fwp%2Fv2%2Fcategories&post=25081"},{"taxonomy":"post_tag","embeddable":true,"href":"http:\/\/www.lanuevaopcion.cl\/index.php?rest_route=%2Fwp%2Fv2%2Ftags&post=25081"}],"curies":[{"name":"wp","href":"https:\/\/api.w.org\/{rel}","templated":true}]}}