{"id":25079,"date":"2019-07-29T10:58:29","date_gmt":"2019-07-29T10:58:29","guid":{"rendered":"http:\/\/www.lanuevaopcion.cl\/?p=25079"},"modified":"2019-07-29T10:58:29","modified_gmt":"2019-07-29T10:58:29","slug":"canciller-ribera-celebro-con-su-par-chino-50-anos-de-relaciones-diplomaticas","status":"publish","type":"post","link":"http:\/\/www.lanuevaopcion.cl\/?p=25079","title":{"rendered":"CANCILLER RIBERA CELEBR\u00d3 CON SU PAR CHINO 50 A\u00d1OS DE RELACIONES DIPLOM\u00c1TICAS"},"content":{"rendered":"<p><img loading=\"lazy\" decoding=\"async\"  alt=\"\" src=\"http:\/\/lanacion.cl\/wp-content\/uploads\/2019\/07\/teodoro-Ribera-y-Wang-Yi-324x160.jpg\" class=\"alignleft\" width=\"324\" height=\"160\" \/ class=\"alignleft\" style=\"margin-right:15px;margin-bottom:10px;float:left;\" ><br \/>\nAcciones para facilitar la implementaci\u00f3n de los acuerdos de cooperaci\u00f3n y los principales aspectos de la agenda bilateral, abordaron este domingo los cancilleres de China, Wang Yi, y de Chile, Teodoro Ribera.<\/p>\n<p>\u201cHemos coincidido en una evaluaci\u00f3n positiva de nuestras sinton\u00edas en el \u00e1mbito pol\u00edtico, y de las significativas estad\u00edsticas que revelan la importancia del comercio bilateral e inversiones\u201d entre ambos pa\u00edses, destac\u00f3 el secretario de Estado chileno tras el encuentro celebrado en la sede de la canciller\u00eda.<br \/>\n<!--more--><br \/>\nEn la cita tambi\u00e9n se constat\u00f3 el \u201cmutuo inter\u00e9s por ampliar las relaciones de cooperaci\u00f3n en temas de futuro, y por estrechar los contactos entre nuestros pueblos\u201d.<\/p>\n<p>Asimismo, se enfocaron en acciones espec\u00edficas para facilitar la implementaci\u00f3n de los acuerdos de cooperaci\u00f3n que permitan materializar las iniciativas de las 14 \u00e1reas de trabajo que componen el Plan de Acci\u00f3n Conjunta 2019-2022, suscrito en abril de este a\u00f1o, y que busca planificar estrat\u00e9gicamente el fomento de las relaciones bilaterales, articular estrategias de desarrollo e impulsar el desarrollo y la cooperaci\u00f3n.<\/p>\n<p>Ribera destac\u00f3 tambi\u00e9n que Chile ya es parte de la iniciativa de la Franja y la Ruta y record\u00f3 que el Presidente de la Rep\u00fablica, Sebasti\u00e1n Pi\u00f1era, particip\u00f3 en el segundo foro de esta instancia, realizado en Beijing, siendo el \u00fanico mandatario latinoamericano presente.<\/p>\n<p>\u201cEllo refleja la importancia que esta iniciativa tiene para Chile, as\u00ed como la confianza depositada por China en nuestro pa\u00eds, con el mutuo inter\u00e9s de favorecer los v\u00ednculos de China con los pa\u00edses de Am\u00e9rica Latina\u201d, se\u00f1al\u00f3.<\/p>\n<p>Por otra parte, afirm\u00f3 que intercambiaron puntos de vista \u201cen cuestiones de inter\u00e9s respecto de las situaciones regionales, y la voluntad de avanzar en el trabajo com\u00fan para la ampliaci\u00f3n del libre comercio y la generaci\u00f3n de un sistema internacional basado en reglas claras y transparentes\u201d.<\/p>\n<p>Tambi\u00e9n repasaron la agenda de la COP 25, que se realizar\u00e1 en Santiago en diciembre de este a\u00f1o y donde el titular de relaciones exteriores agradeci\u00f3 a su hom\u00f3logo \u201cel resuelto apoyo de China al \u00e9xito de esta instancia contra el cambio clim\u00e1tico\u201d.<\/p>\n<p>La autoridad confirm\u00f3 que el pa\u00eds estar\u00e1 en quinta versi\u00f3n del Chile Week en China, que se realizar\u00e1 entre el 29 de agosto y el 4 de septiembre en las ciudades de Beijing y Shangh\u00e1i, Chile enviar\u00e1 \u201cuna misi\u00f3n del m\u00e1s alto nivel encabezada por el ex Presidente Eduardo Frei como Embajador de la Misi\u00f3n Especial en Asia Pac\u00edfico, como una forma de fortalecer nuestros v\u00ednculos y dar mayor visibilidad a nuestro pa\u00eds en China\u201d.<\/p>\n<p>Finalmente, Ribera destac\u00f3 que el 2020 se conmemorar\u00e1n 50 a\u00f1os de relaciones diplom\u00e1ticas ininterrumpidas entre ambos pa\u00edses.<\/p>\n<p>En ese sentido, indic\u00f3 que \u201cacordamos darle un verdadero realce a ello, haciendo actividades especiales que, en definitiva, destaquen el hecho que Chile fue el primer pa\u00eds de Am\u00e9rica del Sur que reconoci\u00f3 al gobierno de la Rep\u00fablica Popular China como el gobierno leg\u00edtimo de dicho Estado\u201d.<br \/>\nhttp:\/\/lanacion.cl\/2019\/07\/28\/canciller-ribera-celebro-con-su-par-chino-50-anos-de-relaciones-diplomaticas\/<br \/>\nFUENTE. LA NACION.CL<\/p>\n","protected":false},"excerpt":{"rendered":"<p>Acciones para facilitar la implementaci\u00f3n de los acuerdos de cooperaci\u00f3n y los principales aspectos de la agenda bilateral, abordaron este domingo los cancilleres de China, Wang Yi, y de Chile, Teodoro Ribera. \u201cHemos coincidido en una evaluaci\u00f3n positiva de nuestras sinton\u00edas en el \u00e1mbito pol\u00edtico, y de las significativas estad\u00edsticas que revelan la importancia del [&hellip;]<\/p>\n","protected":false},"author":51,"featured_media":0,"comment_status":"open","ping_status":"open","sticky":false,"template":"","format":"standard","meta":{"footnotes":""},"categories":[8,5,1,11],"tags":[125,385],"class_list":["post-25079","post","type-post","status-publish","format-standard","hentry","category-cultura","category-internacional","category-uncategorized","category-tendencias","tag-china","tag-tlc"],"_links":{"self":[{"href":"http:\/\/www.lanuevaopcion.cl\/index.php?rest_route=\/wp\/v2\/posts\/25079","targetHints":{"allow":["GET"]}}],"collection":[{"href":"http:\/\/www.lanuevaopcion.cl\/index.php?rest_route=\/wp\/v2\/posts"}],"about":[{"href":"http:\/\/www.lanuevaopcion.cl\/index.php?rest_route=\/wp\/v2\/types\/post"}],"author":[{"embeddable":true,"href":"http:\/\/www.lanuevaopcion.cl\/index.php?rest_route=\/wp\/v2\/users\/51"}],"replies":[{"embeddable":true,"href":"http:\/\/www.lanuevaopcion.cl\/index.php?rest_route=%2Fwp%2Fv2%2Fcomments&post=25079"}],"version-history":[{"count":1,"href":"http:\/\/www.lanuevaopcion.cl\/index.php?rest_route=\/wp\/v2\/posts\/25079\/revisions"}],"predecessor-version":[{"id":25080,"href":"http:\/\/www.lanuevaopcion.cl\/index.php?rest_route=\/wp\/v2\/posts\/25079\/revisions\/25080"}],"wp:attachment":[{"href":"http:\/\/www.lanuevaopcion.cl\/index.php?rest_route=%2Fwp%2Fv2%2Fmedia&parent=25079"}],"wp:term":[{"taxonomy":"category","embeddable":true,"href":"http:\/\/www.lanuevaopcion.cl\/index.php?rest_route=%2Fwp%2Fv2%2Fcategories&post=25079"},{"taxonomy":"post_tag","embeddable":true,"href":"http:\/\/www.lanuevaopcion.cl\/index.php?rest_route=%2Fwp%2Fv2%2Ftags&post=25079"}],"curies":[{"name":"wp","href":"https:\/\/api.w.org\/{rel}","templated":true}]}}