{"id":25014,"date":"2019-06-26T00:33:26","date_gmt":"2019-06-26T00:33:26","guid":{"rendered":"http:\/\/www.lanuevaopcion.cl\/?p=25014"},"modified":"2019-06-26T00:33:40","modified_gmt":"2019-06-26T00:33:40","slug":"corte-suprema-de-brasil-niega-libertad-a-expresidente-lula","status":"publish","type":"post","link":"http:\/\/www.lanuevaopcion.cl\/?p=25014","title":{"rendered":"CORTE SUPREMA DE BRASIL NIEGA LIBERTAD A EXPRESIDENTE LULA"},"content":{"rendered":"<p><img loading=\"lazy\" decoding=\"async\"  alt=\"\" src=\"http:\/\/lanacion.cl\/wp-content\/uploads\/2019\/06\/000_13S5YW-324x160.jpg\" class=\"alignleft\" width=\"324\" height=\"160\" \/ class=\"alignleft\" style=\"margin-right:15px;margin-bottom:10px;float:left;\" ><br \/>\nLa Corte Suprema de Brasil rechaz\u00f3 este martes liberar al expresidente Luiz In\u00e1cio Lula da Silva mientras analiza si el exjuez de la operaci\u00f3n anticorrupci\u00f3n Lava Jato y actual ministro de Justicia, Sergio Moro, lo juzg\u00f3 de forma imparcial.<\/p>\n<p>Por tres votos contra dos, los jueces de la segunda corte del Supremo Tribunal Federal (STF) decidieron postergar para el pr\u00f3ximo semestre el debate sobre la conducta de Moro y rechazaron una propuesta de concederle hasta entonces la libertad provisoria a Lula.<br \/>\n<!--more--><br \/>\nSeg\u00fan el medio Folha, en la sesi\u00f3n de este martes, el ministro Gilmar Mendes propuso que el juicio del caso debe esperar hasta que los mensajes revelados por el sitio The Intercept Brasil sean investigados. Las conversaciones sugieren que hubo colaboraci\u00f3n entre Moro, entonces responsable de los procesos de Lava Jato, y fiscales de la fuerza de tarea de la operaci\u00f3n.<\/p>\n<p>Para la defensa del exmandatario brasile\u00f1o, la condena del petista debe ser anulada a partir de la interpretaci\u00f3n de que Moro, que conden\u00f3 a Lula, no tuvo la imparcialidad necesaria para comandar los casos.<br \/>\nhttp:\/\/lanacion.cl\/2019\/06\/25\/corte-suprema-de-brasil-niega-libertad-a-expresidente-lula\/<br \/>\nFUENTE. LA NACION.CL<\/p>\n","protected":false},"excerpt":{"rendered":"<p>La Corte Suprema de Brasil rechaz\u00f3 este martes liberar al expresidente Luiz In\u00e1cio Lula da Silva mientras analiza si el exjuez de la operaci\u00f3n anticorrupci\u00f3n Lava Jato y actual ministro de Justicia, Sergio Moro, lo juzg\u00f3 de forma imparcial. Por tres votos contra dos, los jueces de la segunda corte del Supremo Tribunal Federal (STF) [&hellip;]<\/p>\n","protected":false},"author":51,"featured_media":0,"comment_status":"open","ping_status":"open","sticky":false,"template":"","format":"standard","meta":{"footnotes":""},"categories":[4,5,1,11],"tags":[183,77],"class_list":["post-25014","post","type-post","status-publish","format-standard","hentry","category-economia","category-internacional","category-uncategorized","category-tendencias","tag-brasil","tag-mundo"],"_links":{"self":[{"href":"http:\/\/www.lanuevaopcion.cl\/index.php?rest_route=\/wp\/v2\/posts\/25014","targetHints":{"allow":["GET"]}}],"collection":[{"href":"http:\/\/www.lanuevaopcion.cl\/index.php?rest_route=\/wp\/v2\/posts"}],"about":[{"href":"http:\/\/www.lanuevaopcion.cl\/index.php?rest_route=\/wp\/v2\/types\/post"}],"author":[{"embeddable":true,"href":"http:\/\/www.lanuevaopcion.cl\/index.php?rest_route=\/wp\/v2\/users\/51"}],"replies":[{"embeddable":true,"href":"http:\/\/www.lanuevaopcion.cl\/index.php?rest_route=%2Fwp%2Fv2%2Fcomments&post=25014"}],"version-history":[{"count":2,"href":"http:\/\/www.lanuevaopcion.cl\/index.php?rest_route=\/wp\/v2\/posts\/25014\/revisions"}],"predecessor-version":[{"id":25016,"href":"http:\/\/www.lanuevaopcion.cl\/index.php?rest_route=\/wp\/v2\/posts\/25014\/revisions\/25016"}],"wp:attachment":[{"href":"http:\/\/www.lanuevaopcion.cl\/index.php?rest_route=%2Fwp%2Fv2%2Fmedia&parent=25014"}],"wp:term":[{"taxonomy":"category","embeddable":true,"href":"http:\/\/www.lanuevaopcion.cl\/index.php?rest_route=%2Fwp%2Fv2%2Fcategories&post=25014"},{"taxonomy":"post_tag","embeddable":true,"href":"http:\/\/www.lanuevaopcion.cl\/index.php?rest_route=%2Fwp%2Fv2%2Ftags&post=25014"}],"curies":[{"name":"wp","href":"https:\/\/api.w.org\/{rel}","templated":true}]}}