{"id":25012,"date":"2019-06-25T21:16:22","date_gmt":"2019-06-25T21:16:22","guid":{"rendered":"http:\/\/www.lanuevaopcion.cl\/?p=25012"},"modified":"2019-06-25T21:16:22","modified_gmt":"2019-06-25T21:16:22","slug":"gastos-reservados-ministra-rutherford-ordena-detencion-del-general-r-oviedo","status":"publish","type":"post","link":"http:\/\/www.lanuevaopcion.cl\/?p=25012","title":{"rendered":"GASTOS RESERVADOS: MINISTRA RUTHERFORD ORDENA DETENCI\u00d3N DEL GENERAL (R) OVIEDO"},"content":{"rendered":"<p><img loading=\"lazy\" decoding=\"async\"  alt=\"\" src=\"http:\/\/lanacion.cl\/wp-content\/uploads\/2019\/06\/Gr%C3%A1fica-oficial-324x160.jpg\" class=\"alignleft\" width=\"324\" height=\"160\" \/ class=\"alignleft\" style=\"margin-right:15px;margin-bottom:10px;float:left;\" ><br \/>\nDetenido en el Regimiento de Polic\u00eda Militar de Pe\u00f1alol\u00e9n quedar\u00e1 a contar de este martes el excomandante en jefe del Ej\u00e9rcito, general (r) Humberto Oviedo, luego que la ministra Romy Rutherford le tomara declaraci\u00f3n en calidad de imputado en el marco de la causa por mal uso de gastos reservados.<\/p>\n<p>La diligencia se realiz\u00f3 durante la ma\u00f1ana en el domicilio de quien fuera la m\u00e1xima autoridad de esa rama castrense entre 2014 y 2018, hasta donde lleg\u00f3 la jueza para obtener su testimonio sobre las \u201cmensualidades\u201d que se le entregaban como \u201cayuda\u201d a quienes hab\u00edan sido jefes de instituci\u00f3n.<br \/>\n<!--more--><br \/>\nEsta pr\u00e1ctica abarc\u00f3 desde el fallecido general Ricardo Izurieta, pasando por Juan Emilio Cheyre, \u00d3scar Izurieta y Juan Miguel Fuente-Alba, quienes recib\u00edan estos aportes hasta 2017, cuando comenz\u00f3 la indagatoria contra \u00e9ste \u00faltimo por su abultado patrimonio y excesivos gastos, a\u00f1o en que Oviedo estaba al frente de la rama castrense.<\/p>\n<p>Aunque no se ha confirmado todav\u00eda el motivo de la decisi\u00f3n, la jueza de la Corte Marcial habr\u00eda optado por aprender al retirado oficial por el eventual delito de obstrucci\u00f3n a la justicia, el que se cometer\u00eda si el inculpado se niega a declarar.<\/p>\n<p>Oviedo, quien intent\u00f3 evitar sre requerido por la magistrada con un recurso presentado ante el TC referido s\u00f3lo a la arista \u201cagencias de turismo\u201d, llegar\u00e1 al recinto militar en el que desde el 14 de febrero de este a\u00f1o permanece detenido Fuente-Alba, quien es investigado por diversas aristas de la causa.<br \/>\nhttp:\/\/lanacion.cl\/2019\/06\/25\/gastos-reservados-ministra-rutherford-ordena-detencion-del-general-r-humberto-oviedo\/<br \/>\nFUENTE. LA NACION.CL<\/p>\n","protected":false},"excerpt":{"rendered":"<p>Detenido en el Regimiento de Polic\u00eda Militar de Pe\u00f1alol\u00e9n quedar\u00e1 a contar de este martes el excomandante en jefe del Ej\u00e9rcito, general (r) Humberto Oviedo, luego que la ministra Romy Rutherford le tomara declaraci\u00f3n en calidad de imputado en el marco de la causa por mal uso de gastos reservados. La diligencia se realiz\u00f3 durante [&hellip;]<\/p>\n","protected":false},"author":51,"featured_media":0,"comment_status":"open","ping_status":"open","sticky":false,"template":"","format":"standard","meta":{"footnotes":""},"categories":[4,5,30,11],"tags":[237,333],"class_list":["post-25012","post","type-post","status-publish","format-standard","hentry","category-economia","category-internacional","category-policial","category-tendencias","tag-corrupcion","tag-militares"],"_links":{"self":[{"href":"http:\/\/www.lanuevaopcion.cl\/index.php?rest_route=\/wp\/v2\/posts\/25012","targetHints":{"allow":["GET"]}}],"collection":[{"href":"http:\/\/www.lanuevaopcion.cl\/index.php?rest_route=\/wp\/v2\/posts"}],"about":[{"href":"http:\/\/www.lanuevaopcion.cl\/index.php?rest_route=\/wp\/v2\/types\/post"}],"author":[{"embeddable":true,"href":"http:\/\/www.lanuevaopcion.cl\/index.php?rest_route=\/wp\/v2\/users\/51"}],"replies":[{"embeddable":true,"href":"http:\/\/www.lanuevaopcion.cl\/index.php?rest_route=%2Fwp%2Fv2%2Fcomments&post=25012"}],"version-history":[{"count":1,"href":"http:\/\/www.lanuevaopcion.cl\/index.php?rest_route=\/wp\/v2\/posts\/25012\/revisions"}],"predecessor-version":[{"id":25013,"href":"http:\/\/www.lanuevaopcion.cl\/index.php?rest_route=\/wp\/v2\/posts\/25012\/revisions\/25013"}],"wp:attachment":[{"href":"http:\/\/www.lanuevaopcion.cl\/index.php?rest_route=%2Fwp%2Fv2%2Fmedia&parent=25012"}],"wp:term":[{"taxonomy":"category","embeddable":true,"href":"http:\/\/www.lanuevaopcion.cl\/index.php?rest_route=%2Fwp%2Fv2%2Fcategories&post=25012"},{"taxonomy":"post_tag","embeddable":true,"href":"http:\/\/www.lanuevaopcion.cl\/index.php?rest_route=%2Fwp%2Fv2%2Ftags&post=25012"}],"curies":[{"name":"wp","href":"https:\/\/api.w.org\/{rel}","templated":true}]}}