{"id":25008,"date":"2019-06-24T14:07:33","date_gmt":"2019-06-24T14:07:33","guid":{"rendered":"http:\/\/www.lanuevaopcion.cl\/?p=25008"},"modified":"2019-06-24T14:07:33","modified_gmt":"2019-06-24T14:07:33","slug":"encuesta-cadem-45-respalda-el-cambio-de-gabinete-y-cubillos-baja-en-aprobacion","status":"publish","type":"post","link":"http:\/\/www.lanuevaopcion.cl\/?p=25008","title":{"rendered":"ENCUESTA CADEM: 45% RESPALDA EL CAMBIO DE GABINETE Y CUBILLOS BAJA EN APROBACI\u00d3N"},"content":{"rendered":"<p><img loading=\"lazy\" decoding=\"async\"  alt=\"\" src=\"http:\/\/lanacion.cl\/wp-content\/uploads\/2019\/06\/Aton_323458-324x160.jpg\" class=\"alignleft\" width=\"324\" height=\"160\" \/ class=\"alignleft\" style=\"margin-right:15px;margin-bottom:10px;float:left;\" ><br \/>\nLa \u00faltima encuesta Plaza P\u00fablica Cadem difundida este lunes mostr\u00f3 que el 73% de los consultados escuch\u00f3 hablar del \u00faltimo cambio de gabinete y que el 45% lo calific\u00f3 como positivo o muy positivo.<\/p>\n<p>En tanto, el ministro del Interior, Andr\u00e9s Chadwick, sigue siendo considerado como el m\u00e1s influyente del gabinete (37%), mientras que la aprobaci\u00f3n de la ministra de Educaci\u00f3n, Marcela Cubillos, tuvo una ca\u00edda significativa, de 43% a 32% (-11puntos).<br \/>\n<!--more--><br \/>\nDespu\u00e9s del cambio de gabinete, Chadwick se mantiene como el ministro m\u00e1s conocido (84%), y lo siguen Cubillos con un aumento significativo en conocimiento (79%, +5 puntos), el titular de Hacienda, Felipe Larra\u00edn (77%), el reci\u00e9n nombrado ministro de Salud, Jaime Ma\u00f1alich (77%), la vocera Cecilia P\u00e9rez (76%) y el jefe de Justicia, Hern\u00e1n Larra\u00edn (75%).<\/p>\n<p>Quienes no superan el 40% de conocimiento son el titular de Miner\u00eda, Baldo Prokurica (33%, +7 puntos), el nuevo canciller Teodoro Ribera (33%); el nuevo ministro de Desarrollo Social, Sebasti\u00e1n Sichel (32%); la ministra de Cultura, Consuelo Vald\u00e9s (32%); la de Deportes, Pauline Kantor (27%); el nuevo ministro de Energ\u00eda, Juan Carlos Jobet (27%), y Andr\u00e9s Couve (21%, +4 puntos).<\/p>\n<p>En t\u00e9rminos de evaluaci\u00f3n de la gesti\u00f3n ministerial, la ministra de la Mujer y Equidad de G\u00e9nero, Isabel Pl\u00e1 se mantiene como la mejor evaluada del gabinete con 69%, seguida por el jefe de Bienes Nacionales, Felipe Ward (59%, +7); la titular de Transportes y telecomunicaciones, Gloria Hutt (59%, +6pts), el jefe de Obras P\u00fablicas, Alfredo Moreno (58%)<\/p>\n<p>Les siguen sus pares de la  Segpres Gonzalo Blumel (56%); Medio Ambiente, Carolina Schmidt (55%); Segegob Cecilia P\u00e9rez (54%); Agricultura, Antonio Walker (54%, +8pts); Defensa, Alberto Espina (53%, +3pts) y Vivienda,m Cristian Monckeberg (53%, -5pts).<\/p>\n<p>Bajo el 50% de aprobaci\u00f3n al desempe\u00f1o se encuentran, los titulares de Econom\u00eda, Juan Andr\u00e9s Fontaine (49%, -4pts); Hacienda, Felipe Larra\u00edn (49%, +4pts); Interior, Andr\u00e9s Chadwick (43%, +5pts); el subsecretario de la cartera, Rodrigo Ubilla (42%); Trabajo, Nicol\u00e1s Monckeberg (41%), Hern\u00e1n Larra\u00edn (38%, +3pts), Jaime Ma\u00f1alich (37%) y Educaci\u00f3n, Marcela Cubillos (32%, -11pts).<\/p>\n<p>Finalmente, ning\u00fan ministro destaca o se diferencia de forma relevante como posible candidato presidencial, siendo la lista liderada por Andr\u00e9s Chadwick con 10%, y seguida por Alfredo Moreno (9%), Alberto Espina (8%), Cecilia P\u00e9rez (8%) y Marcela Cubillos (8%).<br \/>\nhttp:\/\/lanacion.cl\/2019\/06\/24\/encuesta-cadem-45-respalda-el-cambio-de-gabinete-y-cubillos-baja-en-aprobacion\/<br \/>\nFUENTE. LA NACION.CL<\/p>\n","protected":false},"excerpt":{"rendered":"<p>La \u00faltima encuesta Plaza P\u00fablica Cadem difundida este lunes mostr\u00f3 que el 73% de los consultados escuch\u00f3 hablar del \u00faltimo cambio de gabinete y que el 45% lo calific\u00f3 como positivo o muy positivo. En tanto, el ministro del Interior, Andr\u00e9s Chadwick, sigue siendo considerado como el m\u00e1s influyente del gabinete (37%), mientras que la [&hellip;]<\/p>\n","protected":false},"author":51,"featured_media":0,"comment_status":"open","ping_status":"open","sticky":false,"template":"","format":"standard","meta":{"footnotes":""},"categories":[4,16,1,11],"tags":[],"class_list":["post-25008","post","type-post","status-publish","format-standard","hentry","category-economia","category-nacional","category-uncategorized","category-tendencias"],"_links":{"self":[{"href":"http:\/\/www.lanuevaopcion.cl\/index.php?rest_route=\/wp\/v2\/posts\/25008","targetHints":{"allow":["GET"]}}],"collection":[{"href":"http:\/\/www.lanuevaopcion.cl\/index.php?rest_route=\/wp\/v2\/posts"}],"about":[{"href":"http:\/\/www.lanuevaopcion.cl\/index.php?rest_route=\/wp\/v2\/types\/post"}],"author":[{"embeddable":true,"href":"http:\/\/www.lanuevaopcion.cl\/index.php?rest_route=\/wp\/v2\/users\/51"}],"replies":[{"embeddable":true,"href":"http:\/\/www.lanuevaopcion.cl\/index.php?rest_route=%2Fwp%2Fv2%2Fcomments&post=25008"}],"version-history":[{"count":1,"href":"http:\/\/www.lanuevaopcion.cl\/index.php?rest_route=\/wp\/v2\/posts\/25008\/revisions"}],"predecessor-version":[{"id":25009,"href":"http:\/\/www.lanuevaopcion.cl\/index.php?rest_route=\/wp\/v2\/posts\/25008\/revisions\/25009"}],"wp:attachment":[{"href":"http:\/\/www.lanuevaopcion.cl\/index.php?rest_route=%2Fwp%2Fv2%2Fmedia&parent=25008"}],"wp:term":[{"taxonomy":"category","embeddable":true,"href":"http:\/\/www.lanuevaopcion.cl\/index.php?rest_route=%2Fwp%2Fv2%2Fcategories&post=25008"},{"taxonomy":"post_tag","embeddable":true,"href":"http:\/\/www.lanuevaopcion.cl\/index.php?rest_route=%2Fwp%2Fv2%2Ftags&post=25008"}],"curies":[{"name":"wp","href":"https:\/\/api.w.org\/{rel}","templated":true}]}}