{"id":25006,"date":"2019-06-21T18:48:57","date_gmt":"2019-06-21T18:48:57","guid":{"rendered":"http:\/\/www.lanuevaopcion.cl\/?p=25006"},"modified":"2019-06-21T18:48:57","modified_gmt":"2019-06-21T18:48:57","slug":"nakasone-y-salida-de-urrutia-de-canal-13-%e2%80%9cjusticia-infinita-felicidad-total%e2%80%9d","status":"publish","type":"post","link":"http:\/\/www.lanuevaopcion.cl\/?p=25006","title":{"rendered":"NAKASONE Y SALIDA DE URRUTIA DE CANAL 13: \u201cJUSTICIA INFINITA, FELICIDAD TOTAL\u201d"},"content":{"rendered":"<p><img loading=\"lazy\" decoding=\"async\"  alt=\"\" src=\"http:\/\/lanacion.cl\/wp-content\/uploads\/2019\/06\/Aton_229075-324x160.jpg\" class=\"alignleft\" width=\"324\" height=\"160\" \/ class=\"alignleft\" style=\"margin-right:15px;margin-bottom:10px;float:left;\" ><br \/>\nDurante la jornada del jueves, Javier Urrutia decidi\u00f3 dejar su cargo como director ejecutivo de Canal 13. Una noticia que no dej\u00f3 indiferente a nadie en la estaci\u00f3n televisiva.<\/p>\n<p>Tras darse a conocer la informaci\u00f3n, varios extrabajadores del canal se manifestaron en redes sociales. Entre ellos, Sergio Nakasone, hombre clave en los \u00e9xitos que tuvo la se\u00f1al en materia de reality shows, quien se mostr\u00f3 muy feliz por la salida del directivo.<br \/>\n<!--more--><br \/>\nEl actual productor de Turner, record\u00f3 su salida del canal y su equipo durante el mandato de Urrutia, adem\u00e1s de los despidos masivos de trabajadores.<\/p>\n<p>\u201c#JusticiaInfinita #FelicidadTotal. Los que nunca vamos a olvidar un programa de @Canal13 por favor no olvidemos a qui\u00e9n lo destruy\u00f3: Javier Urrutia\u201d, escribi\u00f3 en Twitter.<br \/>\nhttp:\/\/lanacion.cl\/2019\/06\/21\/nakasone-y-salida-de-urrutia-de-canal-13-justicia-infinita-felicidad-total\/<br \/>\nFUENTE. LA NACION.CL<\/p>\n","protected":false},"excerpt":{"rendered":"<p>Durante la jornada del jueves, Javier Urrutia decidi\u00f3 dejar su cargo como director ejecutivo de Canal 13. Una noticia que no dej\u00f3 indiferente a nadie en la estaci\u00f3n televisiva. Tras darse a conocer la informaci\u00f3n, varios extrabajadores del canal se manifestaron en redes sociales. Entre ellos, Sergio Nakasone, hombre clave en los \u00e9xitos que tuvo [&hellip;]<\/p>\n","protected":false},"author":51,"featured_media":0,"comment_status":"open","ping_status":"open","sticky":false,"template":"","format":"standard","meta":{"footnotes":""},"categories":[8,16,1,11],"tags":[116],"class_list":["post-25006","post","type-post","status-publish","format-standard","hentry","category-cultura","category-nacional","category-uncategorized","category-tendencias","tag-tv"],"_links":{"self":[{"href":"http:\/\/www.lanuevaopcion.cl\/index.php?rest_route=\/wp\/v2\/posts\/25006","targetHints":{"allow":["GET"]}}],"collection":[{"href":"http:\/\/www.lanuevaopcion.cl\/index.php?rest_route=\/wp\/v2\/posts"}],"about":[{"href":"http:\/\/www.lanuevaopcion.cl\/index.php?rest_route=\/wp\/v2\/types\/post"}],"author":[{"embeddable":true,"href":"http:\/\/www.lanuevaopcion.cl\/index.php?rest_route=\/wp\/v2\/users\/51"}],"replies":[{"embeddable":true,"href":"http:\/\/www.lanuevaopcion.cl\/index.php?rest_route=%2Fwp%2Fv2%2Fcomments&post=25006"}],"version-history":[{"count":1,"href":"http:\/\/www.lanuevaopcion.cl\/index.php?rest_route=\/wp\/v2\/posts\/25006\/revisions"}],"predecessor-version":[{"id":25007,"href":"http:\/\/www.lanuevaopcion.cl\/index.php?rest_route=\/wp\/v2\/posts\/25006\/revisions\/25007"}],"wp:attachment":[{"href":"http:\/\/www.lanuevaopcion.cl\/index.php?rest_route=%2Fwp%2Fv2%2Fmedia&parent=25006"}],"wp:term":[{"taxonomy":"category","embeddable":true,"href":"http:\/\/www.lanuevaopcion.cl\/index.php?rest_route=%2Fwp%2Fv2%2Fcategories&post=25006"},{"taxonomy":"post_tag","embeddable":true,"href":"http:\/\/www.lanuevaopcion.cl\/index.php?rest_route=%2Fwp%2Fv2%2Ftags&post=25006"}],"curies":[{"name":"wp","href":"https:\/\/api.w.org\/{rel}","templated":true}]}}