{"id":25004,"date":"2019-06-21T01:17:21","date_gmt":"2019-06-21T01:17:21","guid":{"rendered":"http:\/\/www.lanuevaopcion.cl\/?p=25004"},"modified":"2019-06-21T01:17:21","modified_gmt":"2019-06-21T01:17:21","slug":"ministros-de-maduro-le-piden-a-bachelet-que-interceda-para-que-cuentas-en-el-extranjero-sean-desbloqueadas","status":"publish","type":"post","link":"http:\/\/www.lanuevaopcion.cl\/?p=25004","title":{"rendered":"MINISTROS DE MADURO LE PIDEN A BACHELET QUE INTERCEDA PARA QUE CUENTAS EN EL EXTRANJERO SEAN DESBLOQUEADAS"},"content":{"rendered":"<p><img loading=\"lazy\" decoding=\"async\"  alt=\"\" src=\"http:\/\/lanacion.cl\/wp-content\/uploads\/2019\/06\/FOTO-BACHE-VALE-324x160.jpg\" class=\"alignleft\" width=\"324\" height=\"160\" \/ class=\"alignleft\" style=\"margin-right:15px;margin-bottom:10px;float:left;\" ><br \/>\nLa Alta Comisionada de los Derechos Humanos de la Organizaci\u00f3n de Naciones Unidas (ONU), Michelle Bachelet, se reuni\u00f3 este jueves con altos miembros del Gobierno de Nicol\u00e1s Maduro en la Casa Amarilla, sede del Ministerio de Relaciones Exteriores de Venezuela.<\/p>\n<p>Bachelet sostuvo encuentros con los ministros de las \u00e1reas de Seguridad, Protecci\u00f3n Social, Educaci\u00f3n, Planificaci\u00f3n y Ciencia, as\u00ed como tambi\u00e9n con el ministro de Defensa Vladimir Padrino L\u00f3pez y el defensor del Pueblo, Alfredo Ruiz.<br \/>\n<!--more--><br \/>\nPreviamente Bachelet tuvo una cita con el titular venezolano de Relaciones Interiores, Justicia y Paz, N\u00e9stor Reverol, quien afirm\u00f3 que su pa\u00eds atraviesa un \u201cbloqueo financiero, comercial y petrolero\u201d que dificulta el avance de ese modelo de protecci\u00f3n social, por lo que le pidi\u00f3 que intercediera para que las cuentas del Estado en el extranjero sean desbloqueadas.<\/p>\n<p>La Alta Comisionada de la ONU tambi\u00e9n se reuni\u00f3 con el presidente del cuestionado Tribunal Supremo de Justicia, Maikel Moreno. <\/p>\n<p>Se prev\u00e9 que Bachelet sostenga un encuentro con Nicol\u00e1s Maduro, diputados de la Asamblea Nacional y de la Asamblea Nacional Constituyente, adem\u00e1s de encuentros con v\u00edctimas de abusos y sus familiares y con organizaciones sociales, religiosas, estudiantiles y sindicatos, seg\u00fan la nota de prensa del organismo internacional.<\/p>\n<p>El autoproclamado presidente encargado, Juan Guaid\u00f3, llam\u00f3 para este viernes a manifestarse \u201cpor la tragedia\u201d que vive Venezuela en la sede del Programa de las Naciones Unidas para el Desarrollo (PNUD), en la capital venezolana.<br \/>\nhttp:\/\/lanacion.cl\/2019\/06\/20\/ministros-de-maduro-le-piden-a-bachelet-que-interceda-para-que-cuentas-del-pais-en-el-extranjero-sean-desbloqueadas\/<br \/>\nFUENTE. LA NACION.CL<\/p>\n","protected":false},"excerpt":{"rendered":"<p>La Alta Comisionada de los Derechos Humanos de la Organizaci\u00f3n de Naciones Unidas (ONU), Michelle Bachelet, se reuni\u00f3 este jueves con altos miembros del Gobierno de Nicol\u00e1s Maduro en la Casa Amarilla, sede del Ministerio de Relaciones Exteriores de Venezuela. Bachelet sostuvo encuentros con los ministros de las \u00e1reas de Seguridad, Protecci\u00f3n Social, Educaci\u00f3n, Planificaci\u00f3n [&hellip;]<\/p>\n","protected":false},"author":51,"featured_media":0,"comment_status":"open","ping_status":"open","sticky":false,"template":"","format":"standard","meta":{"footnotes":""},"categories":[4,5,1,11],"tags":[149,172],"class_list":["post-25004","post","type-post","status-publish","format-standard","hentry","category-economia","category-internacional","category-uncategorized","category-tendencias","tag-ddhh","tag-venezuela"],"_links":{"self":[{"href":"http:\/\/www.lanuevaopcion.cl\/index.php?rest_route=\/wp\/v2\/posts\/25004","targetHints":{"allow":["GET"]}}],"collection":[{"href":"http:\/\/www.lanuevaopcion.cl\/index.php?rest_route=\/wp\/v2\/posts"}],"about":[{"href":"http:\/\/www.lanuevaopcion.cl\/index.php?rest_route=\/wp\/v2\/types\/post"}],"author":[{"embeddable":true,"href":"http:\/\/www.lanuevaopcion.cl\/index.php?rest_route=\/wp\/v2\/users\/51"}],"replies":[{"embeddable":true,"href":"http:\/\/www.lanuevaopcion.cl\/index.php?rest_route=%2Fwp%2Fv2%2Fcomments&post=25004"}],"version-history":[{"count":1,"href":"http:\/\/www.lanuevaopcion.cl\/index.php?rest_route=\/wp\/v2\/posts\/25004\/revisions"}],"predecessor-version":[{"id":25005,"href":"http:\/\/www.lanuevaopcion.cl\/index.php?rest_route=\/wp\/v2\/posts\/25004\/revisions\/25005"}],"wp:attachment":[{"href":"http:\/\/www.lanuevaopcion.cl\/index.php?rest_route=%2Fwp%2Fv2%2Fmedia&parent=25004"}],"wp:term":[{"taxonomy":"category","embeddable":true,"href":"http:\/\/www.lanuevaopcion.cl\/index.php?rest_route=%2Fwp%2Fv2%2Fcategories&post=25004"},{"taxonomy":"post_tag","embeddable":true,"href":"http:\/\/www.lanuevaopcion.cl\/index.php?rest_route=%2Fwp%2Fv2%2Ftags&post=25004"}],"curies":[{"name":"wp","href":"https:\/\/api.w.org\/{rel}","templated":true}]}}