{"id":24990,"date":"2019-06-16T18:02:44","date_gmt":"2019-06-16T18:02:44","guid":{"rendered":"http:\/\/www.lanuevaopcion.cl\/?p=24990"},"modified":"2019-06-16T18:02:44","modified_gmt":"2019-06-16T18:02:44","slug":"andres-chadwick-%e2%80%9clavin-tiene-una-notable-capacidad-de-sintonia-y-olfato%e2%80%9d","status":"publish","type":"post","link":"http:\/\/www.lanuevaopcion.cl\/?p=24990","title":{"rendered":"ANDR\u00c9S CHADWICK: \u201cLAV\u00cdN TIENE UNA NOTABLE CAPACIDAD DE SINTON\u00cdA Y OLFATO\u201d"},"content":{"rendered":"<p><img loading=\"lazy\" decoding=\"async\"  alt=\"\" src=\"http:\/\/lanacion.cl\/wp-content\/uploads\/2019\/06\/Aton_320478-324x160.jpg\" class=\"alignleft\" width=\"324\" height=\"160\" \/ class=\"alignleft\" style=\"margin-right:15px;margin-bottom:10px;float:left;\" ><br \/>\n\u201cTiene una notable capacidad de sinton\u00eda y olfato. Por eso tiene esa evaluaci\u00f3n\u201d, recalc\u00f3 el ministro del Interior, Andr\u00e9s Chadwick al comentar las posibilidades presidenciales de Joaqu\u00edn Lav\u00edn, quien luego de la encuesta CEP qued\u00f3 posicionado como la mejor carta de la centroderecha.<\/p>\n<p>En entrevista con La Tercera, el jefe del gabinete dijo conoce mucho al alcalde de Las Condes y destac\u00f3 que \u201ctiene una notable sinton\u00eda con los problemas ciudadanos. Sabe escucharlos, sabe detectarlos, sabe buscar respuestas novedosas\u201d.<br \/>\n<!--more--><br \/>\nNo obstante esa alternativa que se visualiza como bastante clara, Chadwick subray\u00f3 que a\u00fan faltan dos a\u00f1os y medio para la elecci\u00f3n presidencial, y que cualquier cosa puede pasar en ese lapso.<\/p>\n<p>\u201cFalta mucho tiempo, el gobierno est\u00e1 en pleno desarrollo. Mientras mejor le vaya al gobierno, mejor le va a ir a cualquiera de las figuras presidenciales de nuestro sector\u201d.<\/p>\n<p>En cuanto a la irrupci\u00f3n del exaspirnte a La Moneda, Jos\u00e9 Antonio Kast, dentro del panorama pol\u00edtico el secretario de Estado manifest\u00f3 estar tranquilo y ve lejano cualquier acercamiento al populismo.<\/p>\n<p>\u201cYo creo que \u00e9l est\u00e1 generando posiciones m\u00e1s duras, pero tiene la inteligencia necesaria para saber, y lo conozco, de que si se va por un lado de extremismos, demagogias y populismo, ser\u00e1n posiciones muy minoritarias\u201d.<\/p>\n<p>De todos modos dej\u00f3 en claro que las posibilidades de la centroderecha son amplias, ya que aparte de Lav\u00edn, el senador Manuel Jos\u00e9 Ossand\u00f3n y Kast, viene irrumpiendo fuerte en las encuestas la ministra de Educaci\u00f3n, Marcela Cubillos.<\/p>\n<p>\u201cEst\u00e1 con una evaluaci\u00f3n muy potente en uno de los ministerios m\u00e1s dif\u00edciles. Eso est\u00e1 indicando algo. Ella est\u00e1 sintonizando, que est\u00e1 transmitiendo y haciendo una muy buena gesti\u00f3n como ministra de Educaci\u00f3n. Con Lav\u00edn pasa lo mismo, pero en otra esfera\u201d.<br \/>\nhttp:\/\/lanacion.cl\/2019\/06\/16\/andres-chadwick-lavin-tiene-una-notable-capacidad-de-sintonia-y-olfato\/<br \/>\nFUENTE. LA NACION.CL<\/p>\n","protected":false},"excerpt":{"rendered":"<p>\u201cTiene una notable capacidad de sinton\u00eda y olfato. Por eso tiene esa evaluaci\u00f3n\u201d, recalc\u00f3 el ministro del Interior, Andr\u00e9s Chadwick al comentar las posibilidades presidenciales de Joaqu\u00edn Lav\u00edn, quien luego de la encuesta CEP qued\u00f3 posicionado como la mejor carta de la centroderecha. En entrevista con La Tercera, el jefe del gabinete dijo conoce mucho [&hellip;]<\/p>\n","protected":false},"author":51,"featured_media":0,"comment_status":"open","ping_status":"open","sticky":false,"template":"","format":"standard","meta":{"footnotes":""},"categories":[4,5,16,1,11],"tags":[46,370],"class_list":["post-24990","post","type-post","status-publish","format-standard","hentry","category-economia","category-internacional","category-nacional","category-uncategorized","category-tendencias","tag-elecciones","tag-presidenciales-2022"],"_links":{"self":[{"href":"http:\/\/www.lanuevaopcion.cl\/index.php?rest_route=\/wp\/v2\/posts\/24990","targetHints":{"allow":["GET"]}}],"collection":[{"href":"http:\/\/www.lanuevaopcion.cl\/index.php?rest_route=\/wp\/v2\/posts"}],"about":[{"href":"http:\/\/www.lanuevaopcion.cl\/index.php?rest_route=\/wp\/v2\/types\/post"}],"author":[{"embeddable":true,"href":"http:\/\/www.lanuevaopcion.cl\/index.php?rest_route=\/wp\/v2\/users\/51"}],"replies":[{"embeddable":true,"href":"http:\/\/www.lanuevaopcion.cl\/index.php?rest_route=%2Fwp%2Fv2%2Fcomments&post=24990"}],"version-history":[{"count":1,"href":"http:\/\/www.lanuevaopcion.cl\/index.php?rest_route=\/wp\/v2\/posts\/24990\/revisions"}],"predecessor-version":[{"id":24991,"href":"http:\/\/www.lanuevaopcion.cl\/index.php?rest_route=\/wp\/v2\/posts\/24990\/revisions\/24991"}],"wp:attachment":[{"href":"http:\/\/www.lanuevaopcion.cl\/index.php?rest_route=%2Fwp%2Fv2%2Fmedia&parent=24990"}],"wp:term":[{"taxonomy":"category","embeddable":true,"href":"http:\/\/www.lanuevaopcion.cl\/index.php?rest_route=%2Fwp%2Fv2%2Fcategories&post=24990"},{"taxonomy":"post_tag","embeddable":true,"href":"http:\/\/www.lanuevaopcion.cl\/index.php?rest_route=%2Fwp%2Fv2%2Ftags&post=24990"}],"curies":[{"name":"wp","href":"https:\/\/api.w.org\/{rel}","templated":true}]}}