{"id":24988,"date":"2019-06-14T19:38:29","date_gmt":"2019-06-14T19:38:29","guid":{"rendered":"http:\/\/www.lanuevaopcion.cl\/?p=24988"},"modified":"2019-06-14T19:38:29","modified_gmt":"2019-06-14T19:38:29","slug":"gobierno-por-viaje-de-bachelet-a-venezuela-%e2%80%9clo-valoramos-porque-la-crisis-exige-preocupacion%e2%80%9d","status":"publish","type":"post","link":"http:\/\/www.lanuevaopcion.cl\/?p=24988","title":{"rendered":"GOBIERNO POR VIAJE DE BACHELET A VENEZUELA: \u201cLO VALORAMOS, PORQUE LA CRISIS EXIGE PREOCUPACI\u00d3N\u201d"},"content":{"rendered":"<p><img loading=\"lazy\" decoding=\"async\"  alt=\"\" src=\"http:\/\/lanacion.cl\/wp-content\/uploads\/2019\/06\/cecilia-perez-aton-324x160.jpg\" class=\"alignleft\" width=\"324\" height=\"160\" \/ class=\"alignleft\" style=\"margin-right:15px;margin-bottom:10px;float:left;\" ><br \/>\nLa ministra Secretaria General de Gobierno, Cecilia P\u00e9rez, se refiri\u00f3 al viaje a Venezuela que har\u00e1 la alta comisionada de la ONU para los Derechos Humanos, Michelle Bachelet, el cual se realizar\u00e1 entre el 19 y 21 de junio.<\/p>\n<p>Al respecto, la secretaria de Estado se\u00f1al\u00f3 que \u201cnosotros valoramos la decisi\u00f3n de la alta comisionada de poder ir a Venezuela, porque la grave crisis humanitaria, la constante violaci\u00f3n a los derechos humanos, la p\u00e9rdida de libertades que hoy d\u00eda sufre Venezuela, exige la preocupaci\u00f3n y la ocupaci\u00f3n de todos los liderazgos responsables del mundo\u201d.<br \/>\n<!--more--><br \/>\n\u201cPor lo tanto, la decisi\u00f3n que hoy d\u00eda se ha comunicado al mundo, particularmente la se\u00f1al a Venezuela, de que pueda ir a ese pa\u00eds la alta comisionada de Derechos Humanos, nosotros la valoramos como gobierno\u201d, complement\u00f3 la ministra.<\/p>\n<p>En cuanto a la fecha en la que se realizar\u00e1 la visita de Bachelet a Venezuela, la vocera resalt\u00f3 que \u201cnosotros lo se\u00f1alamos en su oportunidad cuando le solicit\u00e1bamos que pudiese hacerse presente, hoy d\u00eda ha comunicado que ir\u00e1 y nosotros eso lo valoramos\u201d.<br \/>\nhttp:\/\/lanacion.cl\/2019\/06\/14\/gobierno-por-viaje-de-bachelet-a-venezuela-lo-valoramos-porque-la-crisis-exige-preocupacion\/<br \/>\nFUENTE. LA NACION.CL<\/p>\n","protected":false},"excerpt":{"rendered":"<p>La ministra Secretaria General de Gobierno, Cecilia P\u00e9rez, se refiri\u00f3 al viaje a Venezuela que har\u00e1 la alta comisionada de la ONU para los Derechos Humanos, Michelle Bachelet, el cual se realizar\u00e1 entre el 19 y 21 de junio. Al respecto, la secretaria de Estado se\u00f1al\u00f3 que \u201cnosotros valoramos la decisi\u00f3n de la alta comisionada [&hellip;]<\/p>\n","protected":false},"author":51,"featured_media":0,"comment_status":"open","ping_status":"open","sticky":false,"template":"","format":"standard","meta":{"footnotes":""},"categories":[8,5,16,1,11],"tags":[172],"class_list":["post-24988","post","type-post","status-publish","format-standard","hentry","category-cultura","category-internacional","category-nacional","category-uncategorized","category-tendencias","tag-venezuela"],"_links":{"self":[{"href":"http:\/\/www.lanuevaopcion.cl\/index.php?rest_route=\/wp\/v2\/posts\/24988","targetHints":{"allow":["GET"]}}],"collection":[{"href":"http:\/\/www.lanuevaopcion.cl\/index.php?rest_route=\/wp\/v2\/posts"}],"about":[{"href":"http:\/\/www.lanuevaopcion.cl\/index.php?rest_route=\/wp\/v2\/types\/post"}],"author":[{"embeddable":true,"href":"http:\/\/www.lanuevaopcion.cl\/index.php?rest_route=\/wp\/v2\/users\/51"}],"replies":[{"embeddable":true,"href":"http:\/\/www.lanuevaopcion.cl\/index.php?rest_route=%2Fwp%2Fv2%2Fcomments&post=24988"}],"version-history":[{"count":1,"href":"http:\/\/www.lanuevaopcion.cl\/index.php?rest_route=\/wp\/v2\/posts\/24988\/revisions"}],"predecessor-version":[{"id":24989,"href":"http:\/\/www.lanuevaopcion.cl\/index.php?rest_route=\/wp\/v2\/posts\/24988\/revisions\/24989"}],"wp:attachment":[{"href":"http:\/\/www.lanuevaopcion.cl\/index.php?rest_route=%2Fwp%2Fv2%2Fmedia&parent=24988"}],"wp:term":[{"taxonomy":"category","embeddable":true,"href":"http:\/\/www.lanuevaopcion.cl\/index.php?rest_route=%2Fwp%2Fv2%2Fcategories&post=24988"},{"taxonomy":"post_tag","embeddable":true,"href":"http:\/\/www.lanuevaopcion.cl\/index.php?rest_route=%2Fwp%2Fv2%2Ftags&post=24988"}],"curies":[{"name":"wp","href":"https:\/\/api.w.org\/{rel}","templated":true}]}}