{"id":24986,"date":"2019-06-14T13:01:59","date_gmt":"2019-06-14T13:01:59","guid":{"rendered":"http:\/\/www.lanuevaopcion.cl\/?p=24986"},"modified":"2019-06-14T13:01:59","modified_gmt":"2019-06-14T13:01:59","slug":"pinera-tras-cambio-de-gabinete-insiste-en-criticas-a-oposicion-por-poner-obstaculos-a-las-reformas","status":"publish","type":"post","link":"http:\/\/www.lanuevaopcion.cl\/?p=24986","title":{"rendered":"PI\u00d1ERA TRAS CAMBIO DE GABINETE INSISTE EN CR\u00cdTICAS A OPOSICI\u00d3N POR PONER OBST\u00c1CULOS A LAS REFORMAS"},"content":{"rendered":"<p><img loading=\"lazy\" decoding=\"async\"  alt=\"\" src=\"http:\/\/lanacion.cl\/wp-content\/uploads\/2019\/06\/FOTO-PI%C3%91ERA-VALE-VALE-324x160.jpg\" class=\"alignleft\" width=\"324\" height=\"160\" \/ class=\"alignleft\" style=\"margin-right:15px;margin-bottom:10px;float:left;\" ><br \/>\nTras la ceremonia donde se dieron a conocer los ajustes en seis ministerios sectoriales, el Presidente Pi\u00f1era sostuvo que el Gobierno acaba de cumplir un a\u00f1o y tres meses de gesti\u00f3n \u201cdesde que fuera elegido por una amplia mayor\u00eda y mandatado a cumplir con un programa de Gobierno\u201d.<\/p>\n<p>El a\u00f1o pasado, indic\u00f3, \u201cfue un buen a\u00f1o para Chile gracias al esfuerzo y compromiso de todos los chilenos. Logramos que Chile se pusiera en marcha y avanzara hacia un mejor futuro y logramos tambi\u00e9n cumplir los compromisos y las metas que nos hab\u00edamos fijado en nuestro programa de gobierno y que hab\u00edamos compartido con nuestros compatriotas (\u2026)\u201d.<br \/>\n<!--more--><br \/>\nEl Mandatario sostuvo que \u201ceste 2019 ser\u00e1 un a\u00f1o m\u00e1s exigente y por muchas razones. En el frente externo destacamos el debilitamiento de la econom\u00eda mundial, la reducci\u00f3n del comercio internacional, la guerra comercial y tecnol\u00f3gica entre Estados Unidos y China, la ca\u00edda del precio del cobre y el alza del precio del petr\u00f3leo\u201d.<\/p>\n<p>\u201cEn el frente interno, sin duda hemos debido enfrentar obst\u00e1culos por la conducta de ciertos sectores de la oposici\u00f3n en el Congreso, lo que ha dificultado y demorado el poder sacar adelante urgentes y necesarias modernizaciones y reformas\u201d, destac\u00f3.<\/p>\n<p>Entre estas subray\u00f3 la Modernizaci\u00f3n Tributaria, Agenda Pro Crecimiento y Modernizaci\u00f3n del Estado, \u201ctodas urgentes y necesarias para fortalecer nuestra capacidad de crecimiento, creaci\u00f3n de empleos y mejora de salarios, promover la inversi\u00f3n, productividad y emprendimiento y dar un alivio tributario y burocr\u00e1tico a las Pymes y emprendedores\u201d.<\/p>\n<p>\u201cSegundo, la Reforma de Pensiones, para poder incrementar las pensiones de todos, y muy especialmente, las del Pilar Solidario, la clase media, las mujeres y los adultos mayores no valentes\u201d, a\u00f1adi\u00f3.<\/p>\n<p>\u201cTercero, la Modernizaci\u00f3n Laboral para adecuar nuestra legislaci\u00f3n a las realidades del siglo XXI y la sociedad del conocimiento y la informaci\u00f3n, crear m\u00e1s y mejores empleos, dar m\u00e1s flexibilidad y poder a los trabajadores para estructurar sus jornadas de trabajo y compatibilizar mejor el mundo del trabajo con el mundo de la familia\u201d, remarc\u00f3.<\/p>\n<p>En cuarto lugar mencion\u00f3 la modernizaci\u00f3n del sistema de Salud, \u201cque requiere cirug\u00eda mayor para mejorar el acceso, la oportunidad y calidad de los servicios de salud que requieren nuestros compatriotas\u201d.<\/p>\n<p>\u201cY quinto, la reforma de la Educaci\u00f3n para mejorar la calidad en todos sus niveles, privilegiar la educaci\u00f3n temprana, fortalecer la Educaci\u00f3n T\u00e9cnico Profesional y aumentar la seguridad en nuestras escuelas y liceos\u201d, enfatiz\u00f3.<\/p>\n<p>Pi\u00f1era puso el acento en que \u201cTodas estas modernizaciones y reformas, a pesar de nuestra permanente voluntad de di\u00e1logo y b\u00fasqueda de acuerdos, no han podido avanzar con la actitud, velocidad y profundidad que el pa\u00eds y los chilenos requieren\u201d, sostuvo.<\/p>\n<p>Pi\u00f1era destac\u00f3 que \u201ccomo Presidente de Chile estoy m\u00e1s convencido y comprometido que nunca con la necesidad de impulsar y sacar adelante estas modernizaciones y reformas, porque Chile y los chilenos las necesitan y con urgencia. En consecuencia, y despu\u00e9s de haber hecho todos los esfuerzos de di\u00e1logo y b\u00fasqueda de acuerdos, lleg\u00f3 el tiempo de las definiciones y la acci\u00f3n\u201d, advirti\u00f3.<\/p>\n<p>\u201cQuiero tambi\u00e9n compartir con todos mis compatriotas que, a pesar de las dificultades externas e internas antes mencionadas, y al pesimismo que algunos se esmeran en difundir, estoy convencido que, con el aporte y compromiso de todos los chilenos, este a\u00f1o 2019 Chile volver\u00e1 a crecer y liderar el crecimiento de Am\u00e9rica Latina\u201d, afirm\u00f3.<\/p>\n<p>En ese sentido, asever\u00f3 que \u201cvolveremos a crear m\u00e1s de 150 mil nuevos empleos y m\u00e1s de 120 mil nuevos emprendedores. Los salarios, la inversi\u00f3n y la productividad seguir\u00e1n increment\u00e1ndose. Los equilibrios macroecon\u00f3micos continuar\u00e1n su fortalecimiento y la calidad de vida de los chilenos seguir\u00e1 mejorando\u201d.<br \/>\nhttp:\/\/lanacion.cl\/2019\/06\/13\/pinera-tras-cambio-de-gabinete-insiste-en-criticas-a-oposicion-por-poner-obstaculos-a-las-reformas\/<br \/>\nFUENTE. LA NACION.CL<\/p>\n","protected":false},"excerpt":{"rendered":"<p>Tras la ceremonia donde se dieron a conocer los ajustes en seis ministerios sectoriales, el Presidente Pi\u00f1era sostuvo que el Gobierno acaba de cumplir un a\u00f1o y tres meses de gesti\u00f3n \u201cdesde que fuera elegido por una amplia mayor\u00eda y mandatado a cumplir con un programa de Gobierno\u201d. El a\u00f1o pasado, indic\u00f3, \u201cfue un buen [&hellip;]<\/p>\n","protected":false},"author":51,"featured_media":0,"comment_status":"open","ping_status":"open","sticky":false,"template":"","format":"standard","meta":{"footnotes":""},"categories":[8,4,16,1,11],"tags":[294],"class_list":["post-24986","post","type-post","status-publish","format-standard","hentry","category-cultura","category-economia","category-nacional","category-uncategorized","category-tendencias","tag-cambio-de-babinete"],"_links":{"self":[{"href":"http:\/\/www.lanuevaopcion.cl\/index.php?rest_route=\/wp\/v2\/posts\/24986","targetHints":{"allow":["GET"]}}],"collection":[{"href":"http:\/\/www.lanuevaopcion.cl\/index.php?rest_route=\/wp\/v2\/posts"}],"about":[{"href":"http:\/\/www.lanuevaopcion.cl\/index.php?rest_route=\/wp\/v2\/types\/post"}],"author":[{"embeddable":true,"href":"http:\/\/www.lanuevaopcion.cl\/index.php?rest_route=\/wp\/v2\/users\/51"}],"replies":[{"embeddable":true,"href":"http:\/\/www.lanuevaopcion.cl\/index.php?rest_route=%2Fwp%2Fv2%2Fcomments&post=24986"}],"version-history":[{"count":1,"href":"http:\/\/www.lanuevaopcion.cl\/index.php?rest_route=\/wp\/v2\/posts\/24986\/revisions"}],"predecessor-version":[{"id":24987,"href":"http:\/\/www.lanuevaopcion.cl\/index.php?rest_route=\/wp\/v2\/posts\/24986\/revisions\/24987"}],"wp:attachment":[{"href":"http:\/\/www.lanuevaopcion.cl\/index.php?rest_route=%2Fwp%2Fv2%2Fmedia&parent=24986"}],"wp:term":[{"taxonomy":"category","embeddable":true,"href":"http:\/\/www.lanuevaopcion.cl\/index.php?rest_route=%2Fwp%2Fv2%2Fcategories&post=24986"},{"taxonomy":"post_tag","embeddable":true,"href":"http:\/\/www.lanuevaopcion.cl\/index.php?rest_route=%2Fwp%2Fv2%2Ftags&post=24986"}],"curies":[{"name":"wp","href":"https:\/\/api.w.org\/{rel}","templated":true}]}}