{"id":24984,"date":"2019-06-13T14:42:59","date_gmt":"2019-06-13T14:42:59","guid":{"rendered":"http:\/\/www.lanuevaopcion.cl\/?p=24984"},"modified":"2019-06-13T14:42:59","modified_gmt":"2019-06-13T14:42:59","slug":"restos-de-javiera-suarez-son-velados-en-la-parroquia-san-francisco-de-sales","status":"publish","type":"post","link":"http:\/\/www.lanuevaopcion.cl\/?p=24984","title":{"rendered":"RESTOS DE JAVIERA SU\u00c1REZ SON VELADOS EN LA PARROQUIA SAN FRANCISCO DE SALES"},"content":{"rendered":"<p><img loading=\"lazy\" decoding=\"async\"  alt=\"\" src=\"http:\/\/lanacion.cl\/wp-content\/uploads\/2019\/06\/Javi-324x160.jpg\" class=\"alignleft\" width=\"324\" height=\"160\" \/ class=\"alignleft\" style=\"margin-right:15px;margin-bottom:10px;float:left;\" ><br \/>\nDurante toda la jornada de este jueves y parte del viernes en la parroquia San Francisco de Sales en la comuna de Vitacura, ser\u00e1 velado el cuerpo de la periodista y conductora de televisi\u00f3n, Javiera Su\u00e1rez Balbont\u00edn, quien luego de bregar por tres a\u00f1os contra el c\u00e1ncer muri\u00f3 rodeada de sus familiares y seres queridos.<br \/>\n<!--more--><br \/>\nEl deceso de la joven esposa y madre de 36 a\u00f1os, se produjo a las 15:35 horas del mi\u00e9rcoles en la Cl\u00ednica Alemana, donde se encontraba internada hace uno d\u00edas, a causa del agravamiento en su estado de salud por los tratamientos a los que se someti\u00f3 en la etapa terminal de su enfermedad.<\/p>\n<p>Al conocerse la noticia, se difundi\u00f3 un mensaje del esposo de Su\u00e1rez, Cristi\u00e1n Arriagada, quien se\u00f1al\u00f3: \u201cHoy nos dej\u00f3 nuestra amada Javiera\u201d.<\/p>\n<p>\u201cNos deja un vac\u00edo enorme, pero nos reconforta saber que acept\u00f3 esta etapa final al igual que la enfermedad, con entrega, confianza en Dios, siempre mirando hacia adelante y pensando en los dem\u00e1s\u201d, sostuvo el m\u00e9dico cirujano, con quien se cas\u00f3 la exrostro de televisi\u00f3n en 2015.<\/p>\n<p>Javiera se enter\u00f3 que ten\u00eda c\u00e1ncer en octubre de 2016, en una revisi\u00f3n de rutina de su embarazo de seis semanas. Como siempre opt\u00f3 por la vida, decidi\u00f3 optar por un tratamiento menos invasivo para preservar a su hijo Pedro Milagros, a quien dio a luz a las 30 semanas de gestaci\u00f3n<\/p>\n<p>Arriagada tambi\u00e9n record\u00f3 que su esposa siempre entreg\u00f3 un mensaje de amor, \u201cporque no hay nada m\u00e1s importante en la vida que amar y sentirse amado\u201d.<\/p>\n<p>\u201cDamos gracias a Dios y a la Virgen por regalarnos estos a\u00f1os maravillosos junto a Javiera (\u2026) Desde alg\u00fan lugar, hoy cuida de todos nosotros\u201d, concluy\u00f3 en las sentidas palabras que le dedic\u00f3, al tiempo de agradecer a todos los que los acompa\u00f1aron en el proceso.<\/p>\n<p>Javiera Su\u00e1rez ser\u00e1 despedida este viernes en una misa que se oficiar\u00e1 por el descanso de su alma en la misma iglesia.<br \/>\nhttp:\/\/lanacion.cl\/2019\/06\/13\/restos-de-javiera-suarez-son-velados-en-la-parroquia-san-francisco-de-sales\/<br \/>\nFUENTE. LA NACION.CL<\/p>\n","protected":false},"excerpt":{"rendered":"<p>Durante toda la jornada de este jueves y parte del viernes en la parroquia San Francisco de Sales en la comuna de Vitacura, ser\u00e1 velado el cuerpo de la periodista y conductora de televisi\u00f3n, Javiera Su\u00e1rez Balbont\u00edn, quien luego de bregar por tres a\u00f1os contra el c\u00e1ncer muri\u00f3 rodeada de sus familiares y seres queridos.<\/p>\n","protected":false},"author":51,"featured_media":0,"comment_status":"open","ping_status":"open","sticky":false,"template":"","format":"standard","meta":{"footnotes":""},"categories":[8,16,31,11],"tags":[],"class_list":["post-24984","post","type-post","status-publish","format-standard","hentry","category-cultura","category-nacional","category-salud","category-tendencias"],"_links":{"self":[{"href":"http:\/\/www.lanuevaopcion.cl\/index.php?rest_route=\/wp\/v2\/posts\/24984","targetHints":{"allow":["GET"]}}],"collection":[{"href":"http:\/\/www.lanuevaopcion.cl\/index.php?rest_route=\/wp\/v2\/posts"}],"about":[{"href":"http:\/\/www.lanuevaopcion.cl\/index.php?rest_route=\/wp\/v2\/types\/post"}],"author":[{"embeddable":true,"href":"http:\/\/www.lanuevaopcion.cl\/index.php?rest_route=\/wp\/v2\/users\/51"}],"replies":[{"embeddable":true,"href":"http:\/\/www.lanuevaopcion.cl\/index.php?rest_route=%2Fwp%2Fv2%2Fcomments&post=24984"}],"version-history":[{"count":1,"href":"http:\/\/www.lanuevaopcion.cl\/index.php?rest_route=\/wp\/v2\/posts\/24984\/revisions"}],"predecessor-version":[{"id":24985,"href":"http:\/\/www.lanuevaopcion.cl\/index.php?rest_route=\/wp\/v2\/posts\/24984\/revisions\/24985"}],"wp:attachment":[{"href":"http:\/\/www.lanuevaopcion.cl\/index.php?rest_route=%2Fwp%2Fv2%2Fmedia&parent=24984"}],"wp:term":[{"taxonomy":"category","embeddable":true,"href":"http:\/\/www.lanuevaopcion.cl\/index.php?rest_route=%2Fwp%2Fv2%2Fcategories&post=24984"},{"taxonomy":"post_tag","embeddable":true,"href":"http:\/\/www.lanuevaopcion.cl\/index.php?rest_route=%2Fwp%2Fv2%2Ftags&post=24984"}],"curies":[{"name":"wp","href":"https:\/\/api.w.org\/{rel}","templated":true}]}}