{"id":24982,"date":"2019-06-12T04:24:59","date_gmt":"2019-06-12T04:24:59","guid":{"rendered":"http:\/\/www.lanuevaopcion.cl\/?p=24982"},"modified":"2019-06-12T04:24:59","modified_gmt":"2019-06-12T04:24:59","slug":"caso-huracan-corte-autoriza-que-juzgado-de-temuco-tramite-la-%e2%80%9carista-iquique%e2%80%9d","status":"publish","type":"post","link":"http:\/\/www.lanuevaopcion.cl\/?p=24982","title":{"rendered":"CASO HURAC\u00c1N: CORTE AUTORIZA QUE JUZGADO DE TEMUCO TRAMITE LA \u201cARISTA IQUIQUE\u201d"},"content":{"rendered":"<p><img loading=\"lazy\" decoding=\"async\"  alt=\"\" src=\"http:\/\/lanacion.cl\/wp-content\/uploads\/2019\/06\/Aton_163871-324x160.jpg\" class=\"alignleft\" width=\"324\" height=\"160\" \/ class=\"alignleft\" style=\"margin-right:15px;margin-bottom:10px;float:left;\" ><br \/>\nLa Corte de Apelaciones de Temuco decidi\u00f3 autorizar al Juzgado de Garant\u00eda de la ciudad para que tramite la denominada \u201carista Iquique\u201d del Caso Hurac\u00e1n, hecho correspondiente al robo desde una unidad policial de 28 armas de fuego en octubre de 2017, las que estaban a cargo de la autoridad fiscalizadora de Carabineros. <\/p>\n<p>El tribunal de alzada decidi\u00f3 de forma un\u00e1nime rechazar la incidencia de incompetencia absoluta presentada por la defensa del imputado Patricio Mar\u00edn Lazo, quien solicit\u00f3 remitir la causa a la justicia militar.<br \/>\n<!--more--><br \/>\nDe esta forma, la Corte confirm\u00f3 la resoluci\u00f3n dictada con anterioridad, la cual establece que los delitos que son materia de la formalizaci\u00f3n tienen el car\u00e1cter de il\u00edcitos ordinarios, por lo que no hay raz\u00f3n de que los revise la justicia militar. <\/p>\n<p>Adem\u00e1s, el tribunal rechaz\u00f3 la solicitud de sobreseimiento definitivo planteada por la defensa del jefe de an\u00e1lisis de la extinta Unidad de Inteligencia Operativa Especializada (UIOE), Patricio Alejandro Mar\u00edn Lazo.<br \/>\nhttp:\/\/lanacion.cl\/2019\/06\/11\/caso-huracan-corte-autoriza-que-juzgado-de-temuco-tramite-la-arista-iquique\/<br \/>\nFUENTE. LA NACION.CL<\/p>\n","protected":false},"excerpt":{"rendered":"<p>La Corte de Apelaciones de Temuco decidi\u00f3 autorizar al Juzgado de Garant\u00eda de la ciudad para que tramite la denominada \u201carista Iquique\u201d del Caso Hurac\u00e1n, hecho correspondiente al robo desde una unidad policial de 28 armas de fuego en octubre de 2017, las que estaban a cargo de la autoridad fiscalizadora de Carabineros. El tribunal [&hellip;]<\/p>\n","protected":false},"author":51,"featured_media":0,"comment_status":"open","ping_status":"open","sticky":false,"template":"","format":"standard","meta":{"footnotes":""},"categories":[8,5,16,1,11],"tags":[368,137],"class_list":["post-24982","post","type-post","status-publish","format-standard","hentry","category-cultura","category-internacional","category-nacional","category-uncategorized","category-tendencias","tag-caso-huracan","tag-tribunales"],"_links":{"self":[{"href":"http:\/\/www.lanuevaopcion.cl\/index.php?rest_route=\/wp\/v2\/posts\/24982","targetHints":{"allow":["GET"]}}],"collection":[{"href":"http:\/\/www.lanuevaopcion.cl\/index.php?rest_route=\/wp\/v2\/posts"}],"about":[{"href":"http:\/\/www.lanuevaopcion.cl\/index.php?rest_route=\/wp\/v2\/types\/post"}],"author":[{"embeddable":true,"href":"http:\/\/www.lanuevaopcion.cl\/index.php?rest_route=\/wp\/v2\/users\/51"}],"replies":[{"embeddable":true,"href":"http:\/\/www.lanuevaopcion.cl\/index.php?rest_route=%2Fwp%2Fv2%2Fcomments&post=24982"}],"version-history":[{"count":1,"href":"http:\/\/www.lanuevaopcion.cl\/index.php?rest_route=\/wp\/v2\/posts\/24982\/revisions"}],"predecessor-version":[{"id":24983,"href":"http:\/\/www.lanuevaopcion.cl\/index.php?rest_route=\/wp\/v2\/posts\/24982\/revisions\/24983"}],"wp:attachment":[{"href":"http:\/\/www.lanuevaopcion.cl\/index.php?rest_route=%2Fwp%2Fv2%2Fmedia&parent=24982"}],"wp:term":[{"taxonomy":"category","embeddable":true,"href":"http:\/\/www.lanuevaopcion.cl\/index.php?rest_route=%2Fwp%2Fv2%2Fcategories&post=24982"},{"taxonomy":"post_tag","embeddable":true,"href":"http:\/\/www.lanuevaopcion.cl\/index.php?rest_route=%2Fwp%2Fv2%2Ftags&post=24982"}],"curies":[{"name":"wp","href":"https:\/\/api.w.org\/{rel}","templated":true}]}}