{"id":24980,"date":"2019-06-11T13:33:44","date_gmt":"2019-06-11T13:33:44","guid":{"rendered":"http:\/\/www.lanuevaopcion.cl\/?p=24980"},"modified":"2019-06-11T13:33:44","modified_gmt":"2019-06-11T13:33:44","slug":"banco-central-ratifica-estimacion-a-la-baja-economia-crecera-entre-275-y-30-en-2019","status":"publish","type":"post","link":"http:\/\/www.lanuevaopcion.cl\/?p=24980","title":{"rendered":"BANCO CENTRAL RATIFICA ESTIMACI\u00d3N A LA BAJA: ECONOM\u00cdA CRECER\u00c1 ENTRE 2,75% Y 3,0% EN 2019"},"content":{"rendered":"<p><img loading=\"lazy\" decoding=\"async\"  alt=\"\" src=\"http:\/\/lanacion.cl\/wp-content\/uploads\/2019\/06\/felipe-larrain-aton-324x160.jpg\" class=\"alignleft\" width=\"324\" height=\"160\" \/ class=\"alignleft\" style=\"margin-right:15px;margin-bottom:10px;float:left;\" ><br \/>\nUna correcci\u00f3n significativa de la proyecci\u00f3n de crecimiento que tendr\u00e1 el pa\u00eds este a\u00f1o realiz\u00f3 el Consejo del Banco Central, al fijar este entre 2,75 y 3,5%.<\/p>\n<p>As\u00ed lo estableci\u00f3 su informe de Pol\u00edtica Monetaria (IPoM), correspondiente a junio de 2019 dado a conocer este lunes y que confirm\u00f3 una estimaci\u00f3n a la baja del crecimiento de la econom\u00eda para 2019, con un rango de entre 2,75 y 3,5%, mientras que para 2020 y 2021 la situ\u00f3 entre 3,0 a 4,0%.<br \/>\n<!--more--><br \/>\nLa cifra dada por el instituto emisor es menor es m\u00e1s reducida que la entregada en marzo pasado en la que indic\u00f3 que la econom\u00eda fluctuar\u00eda entre el 3% a 4%, resultado en el cual el menor crecimiento del primer trimestre tiene gran incidencia.<\/p>\n<p>No obstante lo expuesto, el IPoM estima que en el segundo semestre la econom\u00eda retomar\u00e1 mayor dinamismo, y que en el 2020 y 2021 la econom\u00eda crecer\u00e1 a tasas superiores a las de este a\u00f1o, entre 3 y 4%.<\/p>\n<p>Respecto de la inflaci\u00f3n, el an\u00e1lisis reitera que esta se ha mantenido en niveles bajos por un per\u00edodo extenso, ubic\u00e1ndose en torno a 2% tanto en su medida total (IPC) como subyacente. A\u00f1ade que la convergencia de la inflaci\u00f3n del IPC a 3% se dar\u00e1 durante el 2020.<\/p>\n<p>Relacionado con lo anterior, el Consejo del BC estim\u00f3 necesario recalibrar el impulso monetario, acci\u00f3n que concentr\u00f3 la rebaja de 50 puntos base de la tasa de pol\u00edtica monetaria, del 3 al 2,5%, que decidi\u00f3 en su reuni\u00f3n del viernes 7 pasado.<\/p>\n<p>ACTIVIDAD ECON\u00d3MICA<br \/>\nEl IPoM indica que la evoluci\u00f3n de la actividad en el primer trimestre dio cuenta de una desaceleraci\u00f3n respecto de per\u00edodos previos, aunque mayormente focalizada en sectores ligados a factores de oferta.<\/p>\n<p>Destaca tambi\u00e9n el menor crecimiento de la inversi\u00f3n en maquinarias y equipos y las exportaciones, que coinciden con el deterioro del escenario externo y una acumulaci\u00f3n de existencias que no se ha revertido seg\u00fan lo esperado.<\/p>\n<p>El documento del Banco Central resalta tambi\u00e9n que otros componentes del gasto no han mostrado mayores cambios respecto de lo esperado, en especial el consumo.<\/p>\n<p>\u201cLa inversi\u00f3n en construcci\u00f3n y otras obras y el consumo evolucionaron de acuerdo a lo esperado, no mostrando cambios en la tendencia de los trimestres previos. Esto con un mercado laboral donde distintos indicadores muestran una mayor creaci\u00f3n de empleo\u201d.<\/p>\n<p>Menciona tambi\u00e9n que la recuperaci\u00f3n del crecimiento que se espera considera que los efectos macroecon\u00f3micos de la fuerte inmigraci\u00f3n ir\u00e1n siendo m\u00e1s patentes, aumentando el empleo asalariado, la inversi\u00f3n y el consumo.<\/p>\n<p>Asimismo, destaca que los proyectos de inversi\u00f3n que se est\u00e1n desarrollando tendr\u00e1n efectos relevantes pues su ejecuci\u00f3n no tiene retrasos y se tendr\u00e1 una importante concentraci\u00f3n en los pr\u00f3ximos dos a\u00f1os.<\/p>\n<p>GUERRA COMERCIAL CHINA Y EEUU<br \/>\nEn este Informe se resaltan los desarrollos negativos que ha tenido el escenario externo en las \u00faltimas semanas, en particular porque la intensificaci\u00f3n del conflicto comercial entre Estados Unidos y China ha llevado a una mayor aversi\u00f3n al riesgo, provocando, entre otros efectos, una apreciaci\u00f3n global del d\u00f3lar y una reducci\u00f3n de la mayor\u00eda de los precios de las materias primas, incluido el cobre.<\/p>\n<p>Sobre los efectos de la guerra comercial, menciona que \u201csi bien las proyecciones de crecimiento mundial no tienen mayores cambios respecto de marzo, s\u00ed se ha observado un marcado deterioro del crecimiento del comercio mundial, lo que es capturado en la evoluci\u00f3n menos favorable que se prev\u00e9 para las exportaciones chilenas\u201d.<\/p>\n<p>Tambi\u00e9n destaca que el menor precio del cobre afecta los t\u00e9rminos de intercambio relevantes para Chile, lo que reduce el impulso externo que afecta a la econom\u00eda chilena.<\/p>\n<p>Las proyecciones para el precio promedio del cobre son de US$2,8 en el per\u00edodo 2019- 2021 (US$2,9 en promedio en marzo). En el caso del petr\u00f3leo se prev\u00e9n precios promedio entre el Brent y el WTI del orden de US$61 el barril para el per\u00edodo 2019-2021 (similar a marzo).<\/p>\n<p>PONDERAR EL RIESGO<br \/>\nEl Consejo del Banco Central se\u00f1ala tambi\u00e9n que, en lo interno, el balance de riesgos internos para la actividad se encuentra sesgado a la baja, mientras que la inflaci\u00f3n est\u00e1 equilibrado. En lo externo menciona que contin\u00faa sesgado a la baja.<\/p>\n<p>Una intensificaci\u00f3n de los riesgos externos podr\u00eda llevar a un deterioro abrupto de las condiciones financieras globales, que aun considerando una reacci\u00f3n de los principales bancos centrales, podr\u00eda tener efectos significativos en la econom\u00eda mundial.<\/p>\n<p>Agrega que la materializaci\u00f3n de alguno de los escenarios de riesgo externos podr\u00eda impactar negativamente en las expectativas y decisiones de inversi\u00f3n locales.<\/p>\n<p>En lo interno, el Informe resalta un riesgo respecto de la evoluci\u00f3n de la inversi\u00f3n, en particular por la posibilidad que sea menor a la proyectada dada la mayor incertidumbre del escenario externo y los diversos costos asociados a la tramitaci\u00f3n de los proyectos de inversi\u00f3n.<br \/>\nhttp:\/\/lanacion.cl\/2019\/06\/10\/banco-central-ratifica-que-la-economia-crecera-entre-275-y-30-en-2019\/<br \/>\nFUENTE. LA NACION.CL<\/p>\n","protected":false},"excerpt":{"rendered":"<p>Una correcci\u00f3n significativa de la proyecci\u00f3n de crecimiento que tendr\u00e1 el pa\u00eds este a\u00f1o realiz\u00f3 el Consejo del Banco Central, al fijar este entre 2,75 y 3,5%. As\u00ed lo estableci\u00f3 su informe de Pol\u00edtica Monetaria (IPoM), correspondiente a junio de 2019 dado a conocer este lunes y que confirm\u00f3 una estimaci\u00f3n a la baja del [&hellip;]<\/p>\n","protected":false},"author":51,"featured_media":0,"comment_status":"open","ping_status":"open","sticky":false,"template":"","format":"standard","meta":{"footnotes":""},"categories":[4,5,16,1,11],"tags":[],"class_list":["post-24980","post","type-post","status-publish","format-standard","hentry","category-economia","category-internacional","category-nacional","category-uncategorized","category-tendencias"],"_links":{"self":[{"href":"http:\/\/www.lanuevaopcion.cl\/index.php?rest_route=\/wp\/v2\/posts\/24980","targetHints":{"allow":["GET"]}}],"collection":[{"href":"http:\/\/www.lanuevaopcion.cl\/index.php?rest_route=\/wp\/v2\/posts"}],"about":[{"href":"http:\/\/www.lanuevaopcion.cl\/index.php?rest_route=\/wp\/v2\/types\/post"}],"author":[{"embeddable":true,"href":"http:\/\/www.lanuevaopcion.cl\/index.php?rest_route=\/wp\/v2\/users\/51"}],"replies":[{"embeddable":true,"href":"http:\/\/www.lanuevaopcion.cl\/index.php?rest_route=%2Fwp%2Fv2%2Fcomments&post=24980"}],"version-history":[{"count":1,"href":"http:\/\/www.lanuevaopcion.cl\/index.php?rest_route=\/wp\/v2\/posts\/24980\/revisions"}],"predecessor-version":[{"id":24981,"href":"http:\/\/www.lanuevaopcion.cl\/index.php?rest_route=\/wp\/v2\/posts\/24980\/revisions\/24981"}],"wp:attachment":[{"href":"http:\/\/www.lanuevaopcion.cl\/index.php?rest_route=%2Fwp%2Fv2%2Fmedia&parent=24980"}],"wp:term":[{"taxonomy":"category","embeddable":true,"href":"http:\/\/www.lanuevaopcion.cl\/index.php?rest_route=%2Fwp%2Fv2%2Fcategories&post=24980"},{"taxonomy":"post_tag","embeddable":true,"href":"http:\/\/www.lanuevaopcion.cl\/index.php?rest_route=%2Fwp%2Fv2%2Ftags&post=24980"}],"curies":[{"name":"wp","href":"https:\/\/api.w.org\/{rel}","templated":true}]}}