{"id":24978,"date":"2019-06-10T20:56:55","date_gmt":"2019-06-10T20:56:55","guid":{"rendered":"http:\/\/www.lanuevaopcion.cl\/?p=24978"},"modified":"2019-06-10T20:56:55","modified_gmt":"2019-06-10T20:56:55","slug":"alessandri-no-descarta-desalojo-del-instituto-nacional-%e2%80%9ces-un-mandato-legal%e2%80%9d","status":"publish","type":"post","link":"http:\/\/www.lanuevaopcion.cl\/?p=24978","title":{"rendered":"ALESSANDRI NO DESCARTA DESALOJO DEL INSTITUTO NACIONAL: \u201cES UN MANDATO LEGAL\u201d"},"content":{"rendered":"<p><img loading=\"lazy\" decoding=\"async\"  alt=\"\" src=\"http:\/\/lanacion.cl\/wp-content\/uploads\/2019\/06\/felipe-alessandri-aton-324x160.jpg\" class=\"alignleft\" width=\"324\" height=\"160\" \/ class=\"alignleft\" style=\"margin-right:15px;margin-bottom:10px;float:left;\" ><br \/>\nEl alcalde de Santiago, Felipe Alessandri, calific\u00f3 como positiva la reuni\u00f3n que se realiz\u00f3 en la Intendencia Metropolitana con los representantes de los estudiantes del Instituto Nacional, pero no descart\u00f3 un desalojo del establecimiento si persiste la toma. <\/p>\n<p>Adem\u00e1s de Alessandri, en la reuni\u00f3n participaron la intendenta Karla Rubilar, el rector Fernando Soto, la defensora de la Ni\u00f1ez, Patricia Mu\u00f1oz, un representante de Carabineros y delegados del Centro de Alumnos del Instituto Nacional, encabezados por el vicepresidente David \u00c1guila.<br \/>\n<!--more--><br \/>\nAl t\u00e9rmino del encuentro, Alessandri expres\u00f3 que \u201cno podemos descartar ning\u00fan desalojo, porque es un mandato legal, la autoridad debe responder solicitando el desalojo, y nosotros vamos, frente a esto, a esperar que el centro de alumnos lleve el mensaje, ver qu\u00e9 resuelven y ah\u00ed actuar seg\u00fan el marco legal\u201d.<\/p>\n<p>\u201cComo sostenedores tenemos el deber legal de asegurar el servicio educativo, por lo tanto, existe la disposici\u00f3n, las ganas de trabajar, las ganas de mejorar, pero para eso no podemos tener el colegio tomado, por lo que yo formulo votos, al igual que el rector, para que se deponga la toma y empecemos a trabajar\u201d, enfatiz\u00f3.<\/p>\n<p>En cuanto a la reuni\u00f3n, afirm\u00f3 que \u201cfue positiva, hemos mostrado la mejor disposici\u00f3n a colaborar para hacer las mejoras en infraestructura, por lo tanto, nosotros le solicitamos al centro de estudiantes que lleve este mensaje al estudiantado y depongan la toma. Si hay temas que son perfectible, estamos con la mejor disposici\u00f3n a realizarlos\u201d.<br \/>\nhttp:\/\/lanacion.cl\/2019\/06\/10\/alessandri-no-descarta-desalojo-del-instituto-nacional-es-un-mandato-legal\/<br \/>\nFUENTE. LA NACION.CL<\/p>\n","protected":false},"excerpt":{"rendered":"<p>El alcalde de Santiago, Felipe Alessandri, calific\u00f3 como positiva la reuni\u00f3n que se realiz\u00f3 en la Intendencia Metropolitana con los representantes de los estudiantes del Instituto Nacional, pero no descart\u00f3 un desalojo del establecimiento si persiste la toma. Adem\u00e1s de Alessandri, en la reuni\u00f3n participaron la intendenta Karla Rubilar, el rector Fernando Soto, la defensora [&hellip;]<\/p>\n","protected":false},"author":51,"featured_media":0,"comment_status":"open","ping_status":"open","sticky":false,"template":"","format":"standard","meta":{"footnotes":""},"categories":[8,9,16,1,11],"tags":[],"class_list":["post-24978","post","type-post","status-publish","format-standard","hentry","category-cultura","category-educacion","category-nacional","category-uncategorized","category-tendencias"],"_links":{"self":[{"href":"http:\/\/www.lanuevaopcion.cl\/index.php?rest_route=\/wp\/v2\/posts\/24978","targetHints":{"allow":["GET"]}}],"collection":[{"href":"http:\/\/www.lanuevaopcion.cl\/index.php?rest_route=\/wp\/v2\/posts"}],"about":[{"href":"http:\/\/www.lanuevaopcion.cl\/index.php?rest_route=\/wp\/v2\/types\/post"}],"author":[{"embeddable":true,"href":"http:\/\/www.lanuevaopcion.cl\/index.php?rest_route=\/wp\/v2\/users\/51"}],"replies":[{"embeddable":true,"href":"http:\/\/www.lanuevaopcion.cl\/index.php?rest_route=%2Fwp%2Fv2%2Fcomments&post=24978"}],"version-history":[{"count":1,"href":"http:\/\/www.lanuevaopcion.cl\/index.php?rest_route=\/wp\/v2\/posts\/24978\/revisions"}],"predecessor-version":[{"id":24979,"href":"http:\/\/www.lanuevaopcion.cl\/index.php?rest_route=\/wp\/v2\/posts\/24978\/revisions\/24979"}],"wp:attachment":[{"href":"http:\/\/www.lanuevaopcion.cl\/index.php?rest_route=%2Fwp%2Fv2%2Fmedia&parent=24978"}],"wp:term":[{"taxonomy":"category","embeddable":true,"href":"http:\/\/www.lanuevaopcion.cl\/index.php?rest_route=%2Fwp%2Fv2%2Fcategories&post=24978"},{"taxonomy":"post_tag","embeddable":true,"href":"http:\/\/www.lanuevaopcion.cl\/index.php?rest_route=%2Fwp%2Fv2%2Ftags&post=24978"}],"curies":[{"name":"wp","href":"https:\/\/api.w.org\/{rel}","templated":true}]}}