{"id":24608,"date":"2018-12-04T12:12:57","date_gmt":"2018-12-04T12:12:57","guid":{"rendered":"http:\/\/www.lanuevaopcion.cl\/?p=24608"},"modified":"2018-12-04T12:12:57","modified_gmt":"2018-12-04T12:12:57","slug":"los-acidos-dichos-de-luis-gnecco-contra-raquel-argandona-y-patricia-maldonado","status":"publish","type":"post","link":"http:\/\/www.lanuevaopcion.cl\/?p=24608","title":{"rendered":"LOS \u00c1CIDOS DICHOS DE LUIS GNECCO CONTRA RAQUEL ARGANDO\u00d1A Y PATRICIA MALDONADO"},"content":{"rendered":"<p><img loading=\"lazy\" decoding=\"async\"  alt=\"\" src=\"http:\/\/lanacion.cl\/wp-content\/uploads\/2018\/12\/PS_258146-324x160.jpg\" class=\"alignleft\" width=\"324\" height=\"160\" \/ class=\"alignleft\" style=\"margin-right:15px;margin-bottom:10px;float:left;\" ><br \/>\nRaquel Argando\u00f1a se refiri\u00f3 en duros t\u00e9rminos a la salida de la actriz Amparo Noguera de TVN, y esto no le gust\u00f3 nada a uno de sus colegas de profesi\u00f3n, Luis Gnecco.<\/p>\n<p>\u201cAyer se supo de la salida de Amparo Noguera de TVN, y yo quiero decirles algo. Amparo Noguera cantaba para que fuera despedida Patricia Maldonado. \u00bfVes que uno no tiene que re\u00edrse ni desearle mal a otra persona? Siendo que la despedida fue ella\u201c, dijo la exmodelo en el programa radial que comparte con Patricia Maldonado.<br \/>\n<!--more--><br \/>\nAnte ello, Gnecco us\u00f3 sus redes sociales para mostrar su descontento. \u201cPar de viejas culi\u00e1s! Ignorantes y sin respeto por una de las m\u00e1s grandes actrices que hay en Chile\u201d (sic), dijo el protagonista de \u201cNeruda\u201d y \u201cEl bosque de Karadima\u201d.<br \/>\nhttp:\/\/lanacion.cl\/2018\/12\/03\/los-acidos-dichos-de-luis-gnecco-contra-raquel-argandona-y-patricia-maldonado\/<br \/>\nFUENTE. LA NACION.CL<\/p>\n","protected":false},"excerpt":{"rendered":"<p>Raquel Argando\u00f1a se refiri\u00f3 en duros t\u00e9rminos a la salida de la actriz Amparo Noguera de TVN, y esto no le gust\u00f3 nada a uno de sus colegas de profesi\u00f3n, Luis Gnecco. \u201cAyer se supo de la salida de Amparo Noguera de TVN, y yo quiero decirles algo. Amparo Noguera cantaba para que fuera despedida [&hellip;]<\/p>\n","protected":false},"author":51,"featured_media":0,"comment_status":"open","ping_status":"open","sticky":false,"template":"","format":"standard","meta":{"footnotes":""},"categories":[8,16,11],"tags":[],"class_list":["post-24608","post","type-post","status-publish","format-standard","hentry","category-cultura","category-nacional","category-tendencias"],"_links":{"self":[{"href":"http:\/\/www.lanuevaopcion.cl\/index.php?rest_route=\/wp\/v2\/posts\/24608","targetHints":{"allow":["GET"]}}],"collection":[{"href":"http:\/\/www.lanuevaopcion.cl\/index.php?rest_route=\/wp\/v2\/posts"}],"about":[{"href":"http:\/\/www.lanuevaopcion.cl\/index.php?rest_route=\/wp\/v2\/types\/post"}],"author":[{"embeddable":true,"href":"http:\/\/www.lanuevaopcion.cl\/index.php?rest_route=\/wp\/v2\/users\/51"}],"replies":[{"embeddable":true,"href":"http:\/\/www.lanuevaopcion.cl\/index.php?rest_route=%2Fwp%2Fv2%2Fcomments&post=24608"}],"version-history":[{"count":1,"href":"http:\/\/www.lanuevaopcion.cl\/index.php?rest_route=\/wp\/v2\/posts\/24608\/revisions"}],"predecessor-version":[{"id":24609,"href":"http:\/\/www.lanuevaopcion.cl\/index.php?rest_route=\/wp\/v2\/posts\/24608\/revisions\/24609"}],"wp:attachment":[{"href":"http:\/\/www.lanuevaopcion.cl\/index.php?rest_route=%2Fwp%2Fv2%2Fmedia&parent=24608"}],"wp:term":[{"taxonomy":"category","embeddable":true,"href":"http:\/\/www.lanuevaopcion.cl\/index.php?rest_route=%2Fwp%2Fv2%2Fcategories&post=24608"},{"taxonomy":"post_tag","embeddable":true,"href":"http:\/\/www.lanuevaopcion.cl\/index.php?rest_route=%2Fwp%2Fv2%2Ftags&post=24608"}],"curies":[{"name":"wp","href":"https:\/\/api.w.org\/{rel}","templated":true}]}}