{"id":24592,"date":"2018-11-26T10:37:18","date_gmt":"2018-11-26T10:37:18","guid":{"rendered":"http:\/\/www.lanuevaopcion.cl\/?p=24592"},"modified":"2018-11-26T10:37:18","modified_gmt":"2018-11-26T10:37:18","slug":"sector-publico-realizara-paro-de-advertencia-este-lunes","status":"publish","type":"post","link":"http:\/\/www.lanuevaopcion.cl\/?p=24592","title":{"rendered":"SECTOR P\u00daBLICO REALIZAR\u00c1 PARO DE ADVERTENCIA ESTE LUNES"},"content":{"rendered":"<p><img loading=\"lazy\" decoding=\"async\"  alt=\"\" src=\"http:\/\/lanacion.cl\/wp-content\/uploads\/2018\/11\/FOTO-SECTOR-PUBLICO-324x160.jpg\" class=\"alignleft\" width=\"324\" height=\"160\" \/ class=\"alignleft\" style=\"margin-right:15px;margin-bottom:10px;float:left;\" ><br \/>\nEl sector p\u00fablico realizar\u00e1 este lunes un paro de advertencia al Gobierno por el nulo acuerdo entre el Ejecutivo y los empleados p\u00fablicos respecto al reajuste salarial.<\/p>\n<p>El Gobierno propone un 3,1%, mientras que los trabajadores exigen un 7% .<\/p>\n<p>El ministro del Trabajo, Nicol\u00e1s Monckeberg, realiz\u00f3 un llamado al di\u00e1logo para as\u00ed lograr un \u201cacuerdo por el bien p\u00fablico\u201d.<br \/>\n<!--more--><br \/>\n\u201cLa mesa del sector p\u00fablico habitualmente ha sesionado con la misma regularidad, con la presencia de los asesores de cada ministerio, con plenas atribuciones para ir viendo y negociando cada una de las peticiones, como ha sido en forma habitual, dado que esto coincide siempre con la discusi\u00f3n del Presupuesto\u201d, se\u00f1al\u00f3 el ministro, consign\u00f3 radio Biobio.<\/p>\n<p>\u201cNosotros hemos expresado desde el primer d\u00eda la voluntad de ir construyendo el acuerdo en base a propuestas que de verdad sean objetivamente buenas\u201d, indic\u00f3.<\/p>\n<p>CONCENTRACI\u00d3N<br \/>\nEste lunes se llevar\u00e1 a cabo una concentraci\u00f3n en Santiago, en el paseo Bulnes, ya que la Intendencia Metropolitana neg\u00f3 permisos para marchar, mientras que en las regiones s\u00ed se llevar\u00e1n a cabo marchas en las principales ciudades.<\/p>\n<p>La Confusam por su parte organiz\u00f3 un paro nacional de 48 horas de duraci\u00f3n, raz\u00f3n por la cual concluyeron haciendo un llamado a los usuarios de Cesfam y consultorios para que \u201cen las fechas se\u00f1aladas no concurran a nuestros establecimientos, salvo caso de necesidad impostergable, casos en los que garantizamos su debida atenci\u00f3n con nuestros turnos \u00e9ticos en todos los establecimientos paralizados. Reiteramos nuestra convicci\u00f3n de que nutro paro no es contra la gente, sino contra el Gobierno. Nuestra red de urgencia funcionar\u00e1 con plena normalidad\u201d.<br \/>\nhttp:\/\/lanacion.cl\/2018\/11\/25\/sector-publico-realizara-paro-de-advertencia-este-lunes\/<br \/>\nFUENTE. LA NACION.CL<\/p>\n","protected":false},"excerpt":{"rendered":"<p>El sector p\u00fablico realizar\u00e1 este lunes un paro de advertencia al Gobierno por el nulo acuerdo entre el Ejecutivo y los empleados p\u00fablicos respecto al reajuste salarial. El Gobierno propone un 3,1%, mientras que los trabajadores exigen un 7% . El ministro del Trabajo, Nicol\u00e1s Monckeberg, realiz\u00f3 un llamado al di\u00e1logo para as\u00ed lograr un [&hellip;]<\/p>\n","protected":false},"author":51,"featured_media":0,"comment_status":"open","ping_status":"open","sticky":false,"template":"","format":"standard","meta":{"footnotes":""},"categories":[4,16,1],"tags":[],"class_list":["post-24592","post","type-post","status-publish","format-standard","hentry","category-economia","category-nacional","category-uncategorized"],"_links":{"self":[{"href":"http:\/\/www.lanuevaopcion.cl\/index.php?rest_route=\/wp\/v2\/posts\/24592","targetHints":{"allow":["GET"]}}],"collection":[{"href":"http:\/\/www.lanuevaopcion.cl\/index.php?rest_route=\/wp\/v2\/posts"}],"about":[{"href":"http:\/\/www.lanuevaopcion.cl\/index.php?rest_route=\/wp\/v2\/types\/post"}],"author":[{"embeddable":true,"href":"http:\/\/www.lanuevaopcion.cl\/index.php?rest_route=\/wp\/v2\/users\/51"}],"replies":[{"embeddable":true,"href":"http:\/\/www.lanuevaopcion.cl\/index.php?rest_route=%2Fwp%2Fv2%2Fcomments&post=24592"}],"version-history":[{"count":1,"href":"http:\/\/www.lanuevaopcion.cl\/index.php?rest_route=\/wp\/v2\/posts\/24592\/revisions"}],"predecessor-version":[{"id":24593,"href":"http:\/\/www.lanuevaopcion.cl\/index.php?rest_route=\/wp\/v2\/posts\/24592\/revisions\/24593"}],"wp:attachment":[{"href":"http:\/\/www.lanuevaopcion.cl\/index.php?rest_route=%2Fwp%2Fv2%2Fmedia&parent=24592"}],"wp:term":[{"taxonomy":"category","embeddable":true,"href":"http:\/\/www.lanuevaopcion.cl\/index.php?rest_route=%2Fwp%2Fv2%2Fcategories&post=24592"},{"taxonomy":"post_tag","embeddable":true,"href":"http:\/\/www.lanuevaopcion.cl\/index.php?rest_route=%2Fwp%2Fv2%2Ftags&post=24592"}],"curies":[{"name":"wp","href":"https:\/\/api.w.org\/{rel}","templated":true}]}}