{"id":24439,"date":"2018-08-28T01:48:04","date_gmt":"2018-08-28T01:48:04","guid":{"rendered":"http:\/\/www.lanuevaopcion.cl\/?p=24439"},"modified":"2018-08-28T01:48:04","modified_gmt":"2018-08-28T01:48:04","slug":"vocera-de-gobierno-ante-amenazas-de-muerte-%e2%80%9cno-es-aceptable-en-nuestro-pais%e2%80%9d","status":"publish","type":"post","link":"http:\/\/www.lanuevaopcion.cl\/?p=24439","title":{"rendered":"VOCERA DE GOBIERNO ANTE AMENAZAS DE MUERTE: \u201cNO ES ACEPTABLE EN NUESTRO PA\u00cdS\u201d"},"content":{"rendered":"<p><img loading=\"lazy\" decoding=\"async\"  alt=\"\" src=\"http:\/\/lanacion.cl\/wp-content\/uploads\/2018\/08\/FOTO-CECILIA-PEREZ-1-324x160.jpg\" class=\"alignleft\" width=\"324\" height=\"160\" \/ class=\"alignleft\" style=\"margin-right:15px;margin-bottom:10px;float:left;\" ><br \/>\nLa ministra secretaria general de Gobierno, Cecilia P\u00e9rez, se refiri\u00f3 a las amenazas de muerte que un estudiante de Derecho plante\u00f3 en su contra, por medio de sus redes sociales, se\u00f1alando que este tipo de situaciones no es aceptable en nuestro pa\u00eds.<\/p>\n<p>El Departamento de Investigaci\u00f3n de Organizaciones Criminales de Carabineros (OS-9) dio con el mensaje de Nicol\u00e1s Gonz\u00e1lez Navarro, quien afirm\u00f3 a trav\u00e9s deTwitter que habr\u00eda so\u00f1ado con que era del MIR \u201cy me joteaba a Cecilia P\u00e9rez para poner una bomba en su casa\u201d, lo que despert\u00f3 las alertas de la polic\u00eda uniformada, deteniendo posteriormente al joven.<br \/>\n<!--more--><br \/>\nAnte este hecho, la vocera de Gobierno se\u00f1al\u00f3 que ning\u00fan ciudadano debe verse \u201camenazado, ni agredido, ni violentado por pensar distinto. Nosotros creemos en una sociedad del respeto, una sociedad donde podemos tener diferencias\u201d. <\/p>\n<p>\u201cPodemos tener discrepancias, pero no puede ser derrotado el argumento, ni avalada en ninguna circunstancia ni la violencia, la agresi\u00f3n, ni la amenaza. Por lo tanto, el llamado a todos nosotros es a reflexionar de c\u00f3mo podemos avanzar, d\u00eda a d\u00eda, en una democracia que se fortalece, que privilegia los argumentos y el respeto, y que rechaza todo tipo de violencia\u201d, remarc\u00f3.<br \/>\nhttp:\/\/lanacion.cl\/2018\/08\/27\/vocera-de-gobierno-ante-amenazas-de-muerte-no-es-aceptable-en-nuestro-pais\/<br \/>\nFUENTE. LA NACION.CL<\/p>\n","protected":false},"excerpt":{"rendered":"<p>La ministra secretaria general de Gobierno, Cecilia P\u00e9rez, se refiri\u00f3 a las amenazas de muerte que un estudiante de Derecho plante\u00f3 en su contra, por medio de sus redes sociales, se\u00f1alando que este tipo de situaciones no es aceptable en nuestro pa\u00eds. El Departamento de Investigaci\u00f3n de Organizaciones Criminales de Carabineros (OS-9) dio con el [&hellip;]<\/p>\n","protected":false},"author":51,"featured_media":0,"comment_status":"open","ping_status":"open","sticky":false,"template":"","format":"standard","meta":{"footnotes":""},"categories":[8,9,16,1,11],"tags":[],"class_list":["post-24439","post","type-post","status-publish","format-standard","hentry","category-cultura","category-educacion","category-nacional","category-uncategorized","category-tendencias"],"_links":{"self":[{"href":"http:\/\/www.lanuevaopcion.cl\/index.php?rest_route=\/wp\/v2\/posts\/24439","targetHints":{"allow":["GET"]}}],"collection":[{"href":"http:\/\/www.lanuevaopcion.cl\/index.php?rest_route=\/wp\/v2\/posts"}],"about":[{"href":"http:\/\/www.lanuevaopcion.cl\/index.php?rest_route=\/wp\/v2\/types\/post"}],"author":[{"embeddable":true,"href":"http:\/\/www.lanuevaopcion.cl\/index.php?rest_route=\/wp\/v2\/users\/51"}],"replies":[{"embeddable":true,"href":"http:\/\/www.lanuevaopcion.cl\/index.php?rest_route=%2Fwp%2Fv2%2Fcomments&post=24439"}],"version-history":[{"count":1,"href":"http:\/\/www.lanuevaopcion.cl\/index.php?rest_route=\/wp\/v2\/posts\/24439\/revisions"}],"predecessor-version":[{"id":24440,"href":"http:\/\/www.lanuevaopcion.cl\/index.php?rest_route=\/wp\/v2\/posts\/24439\/revisions\/24440"}],"wp:attachment":[{"href":"http:\/\/www.lanuevaopcion.cl\/index.php?rest_route=%2Fwp%2Fv2%2Fmedia&parent=24439"}],"wp:term":[{"taxonomy":"category","embeddable":true,"href":"http:\/\/www.lanuevaopcion.cl\/index.php?rest_route=%2Fwp%2Fv2%2Fcategories&post=24439"},{"taxonomy":"post_tag","embeddable":true,"href":"http:\/\/www.lanuevaopcion.cl\/index.php?rest_route=%2Fwp%2Fv2%2Ftags&post=24439"}],"curies":[{"name":"wp","href":"https:\/\/api.w.org\/{rel}","templated":true}]}}