{"id":24431,"date":"2018-08-23T14:29:08","date_gmt":"2018-08-23T14:29:08","guid":{"rendered":"http:\/\/www.lanuevaopcion.cl\/?p=24431"},"modified":"2018-08-23T14:29:08","modified_gmt":"2018-08-23T14:29:08","slug":"subcontralora-perez-%e2%80%9cjamas-se-me-ha-imputado-ninguna-irregularidad%e2%80%9d","status":"publish","type":"post","link":"http:\/\/www.lanuevaopcion.cl\/?p=24431","title":{"rendered":"SUBCONTRALORA P\u00c9REZ: \u201cJAM\u00c1S SE ME HA IMPUTADO NINGUNA IRREGULARIDAD\u201d"},"content":{"rendered":"<p><img loading=\"lazy\" decoding=\"async\"  alt=\"\" src=\"http:\/\/lanacion.cl\/wp-content\/uploads\/2018\/08\/dorothy-perez-324x160.jpg\" class=\"alignleft\" width=\"324\" height=\"160\" \/ class=\"alignleft\" style=\"margin-right:15px;margin-bottom:10px;float:left;\" ><br \/>\nSigue la tensi\u00f3n al interior de la Contralor\u00eda General de la Rep\u00fablica, luego que la subcontralora Dorothy P\u00e9rez recibiera una petici\u00f3n de renuncia por parte del timonel del organismo, Jorge Berm\u00fadez, por una presunta falta de confianza. <\/p>\n<p>Cabe recordar que la abogada fue citada a declarar por parte del fiscal Eugenio Campos, quien investiga el millonario fraude al interior de Carabineros.<br \/>\n<!--more--><br \/>\nAnte esto la funcionaria se ha negado a aceptar la solicitud. De hecho, despach\u00f3 una carta al contralor dada a conocer por El Mercurio, respondiendo as\u00ed formalmente al requerimiento de Berm\u00fadez, se\u00f1alando en \u00e9sta que \u201cjam\u00e1s he incurrido ni se me ha imputado ninguna irregularidad que amerite que Ud. me aplique sin forma de juicio y ajeno a todo procedimiento legalmente tramitado, una sanci\u00f3n como la remoci\u00f3n de mi cargo\u201d.<\/p>\n<p>Entre sus descargos, P\u00e9rez se\u00f1ala en la misiva que \u201cel contralor y el subcontralor gozar\u00e1n de las prerrogativas e inamovilidad que las leyes se\u00f1alan para los miembros de los tribunales superiores de justicia y que la remoci\u00f3n del contralor y del subcontralor corresponde al Presidente de la Rep\u00fablica previa resoluci\u00f3n judicial\u2026\u201d.<\/p>\n<p>En base a lo anterior, agreg\u00f3 la jurista, \u201cno existe sentencia alguna que haya dispuesto mi remoci\u00f3n, no existe ninguna imputaci\u00f3n penal ni administrativa firme en mi contra, sino que s\u00f3lo he sido citada en calidad de testigo\u201d.<\/p>\n<p>Del mismo modo, afirm\u00f3 que \u201cseguir\u00e9 asistiendo todos los d\u00edas a mi despacho, utilizando los medios y servicios f\u00edsicos y tecnol\u00f3gicos institucionales y expidiendo las resoluciones judiciales en los juicios de cuenta que se tramitan actualmente y resolviendo en los casos en que legalmente me corresponda, por cierto, con pleno respeto a su jerarqu\u00eda y a su investidura, pero asimismo con pleno respeto a la legalidad, a mi cargo y en defensa de mi honra como mujer chilena, madre y funcionaria trabajadora\u201d.<br \/>\nhttp:\/\/lanacion.cl\/2018\/08\/23\/subcontralora-perez-jamas-se-me-ha-imputado-ninguna-irregularidad\/<br \/>\nFUENTE. LA NACION.CL<\/p>\n","protected":false},"excerpt":{"rendered":"<p>Sigue la tensi\u00f3n al interior de la Contralor\u00eda General de la Rep\u00fablica, luego que la subcontralora Dorothy P\u00e9rez recibiera una petici\u00f3n de renuncia por parte del timonel del organismo, Jorge Berm\u00fadez, por una presunta falta de confianza. Cabe recordar que la abogada fue citada a declarar por parte del fiscal Eugenio Campos, quien investiga el [&hellip;]<\/p>\n","protected":false},"author":51,"featured_media":0,"comment_status":"open","ping_status":"open","sticky":false,"template":"","format":"standard","meta":{"footnotes":""},"categories":[16,1,11],"tags":[90],"class_list":["post-24431","post","type-post","status-publish","format-standard","hentry","category-nacional","category-uncategorized","category-tendencias","tag-contraloria"],"_links":{"self":[{"href":"http:\/\/www.lanuevaopcion.cl\/index.php?rest_route=\/wp\/v2\/posts\/24431","targetHints":{"allow":["GET"]}}],"collection":[{"href":"http:\/\/www.lanuevaopcion.cl\/index.php?rest_route=\/wp\/v2\/posts"}],"about":[{"href":"http:\/\/www.lanuevaopcion.cl\/index.php?rest_route=\/wp\/v2\/types\/post"}],"author":[{"embeddable":true,"href":"http:\/\/www.lanuevaopcion.cl\/index.php?rest_route=\/wp\/v2\/users\/51"}],"replies":[{"embeddable":true,"href":"http:\/\/www.lanuevaopcion.cl\/index.php?rest_route=%2Fwp%2Fv2%2Fcomments&post=24431"}],"version-history":[{"count":1,"href":"http:\/\/www.lanuevaopcion.cl\/index.php?rest_route=\/wp\/v2\/posts\/24431\/revisions"}],"predecessor-version":[{"id":24432,"href":"http:\/\/www.lanuevaopcion.cl\/index.php?rest_route=\/wp\/v2\/posts\/24431\/revisions\/24432"}],"wp:attachment":[{"href":"http:\/\/www.lanuevaopcion.cl\/index.php?rest_route=%2Fwp%2Fv2%2Fmedia&parent=24431"}],"wp:term":[{"taxonomy":"category","embeddable":true,"href":"http:\/\/www.lanuevaopcion.cl\/index.php?rest_route=%2Fwp%2Fv2%2Fcategories&post=24431"},{"taxonomy":"post_tag","embeddable":true,"href":"http:\/\/www.lanuevaopcion.cl\/index.php?rest_route=%2Fwp%2Fv2%2Ftags&post=24431"}],"curies":[{"name":"wp","href":"https:\/\/api.w.org\/{rel}","templated":true}]}}