{"id":24429,"date":"2018-08-22T13:45:02","date_gmt":"2018-08-22T13:45:02","guid":{"rendered":"http:\/\/www.lanuevaopcion.cl\/?p=24429"},"modified":"2018-08-22T13:45:02","modified_gmt":"2018-08-22T13:45:02","slug":"liceo-lastarria-sera-mixto-en-2019-y-postulaciones-se-abriran-el-4-de-septiembre","status":"publish","type":"post","link":"http:\/\/www.lanuevaopcion.cl\/?p=24429","title":{"rendered":"LICEO LASTARRIA SER\u00c1 MIXTO EN 2019 Y POSTULACIONES SE ABRIR\u00c1N EL 4 DE SEPTIEMBRE"},"content":{"rendered":"<p><img loading=\"lazy\" decoding=\"async\"  alt=\"\" src=\"http:\/\/lanacion.cl\/wp-content\/uploads\/2018\/08\/FOTO-MATTHEI-324x160.jpg\" class=\"alignleft\" width=\"324\" height=\"160\" \/ class=\"alignleft\" style=\"margin-right:15px;margin-bottom:10px;float:left;\" ><br \/>\nLa alcaldesa de Providencia, Evelyn Matthei, confirm\u00f3 a La Tercera que a partir de marzo del 2019 el Liceo Lastarria se transformar\u00e1 en mixto.<\/p>\n<p>Las postulaciones se abrir\u00e1n el pr\u00f3ximo 4 de septiembre para las primeras alumnas que se integrar\u00e1n al plantel tras 105 a\u00f1os.<br \/>\n<!--more--><br \/>\nEvelyn Matthei sostuvo al matutino que \u201cnosotros como municipalidad tenemos una postura pro liceos y colegios mixtos, pero no se la vamos a imponer a nadie\u201d.<\/p>\n<p>La municipalidad confirm\u00f3 que se abrir\u00e1n 15 cupos de ni\u00f1as paras sus jornadas de la ma\u00f1ana  y otros 15 para la tarde.<\/p>\n<p>Seg\u00fan se indic\u00f3, se espera que en 13 a\u00f1os se complete la transformaci\u00f3n a mixto, cuando la generaci\u00f3n que ingresar\u00e1 el pr\u00f3ximo a\u00f1o a k\u00ednder se grad\u00fae de cuarto medio.<br \/>\nhttp:\/\/lanacion.cl\/2018\/08\/22\/liceo-lastarria-sera-mixto-en-2019-y-postulaciones-se-abriran-el-4-de-septiembre\/<br \/>\nFUENTE. LA NACION.CL<\/p>\n","protected":false},"excerpt":{"rendered":"<p>La alcaldesa de Providencia, Evelyn Matthei, confirm\u00f3 a La Tercera que a partir de marzo del 2019 el Liceo Lastarria se transformar\u00e1 en mixto. Las postulaciones se abrir\u00e1n el pr\u00f3ximo 4 de septiembre para las primeras alumnas que se integrar\u00e1n al plantel tras 105 a\u00f1os.<\/p>\n","protected":false},"author":51,"featured_media":0,"comment_status":"open","ping_status":"open","sticky":false,"template":"","format":"standard","meta":{"footnotes":""},"categories":[8,9,16,1,11],"tags":[],"class_list":["post-24429","post","type-post","status-publish","format-standard","hentry","category-cultura","category-educacion","category-nacional","category-uncategorized","category-tendencias"],"_links":{"self":[{"href":"http:\/\/www.lanuevaopcion.cl\/index.php?rest_route=\/wp\/v2\/posts\/24429","targetHints":{"allow":["GET"]}}],"collection":[{"href":"http:\/\/www.lanuevaopcion.cl\/index.php?rest_route=\/wp\/v2\/posts"}],"about":[{"href":"http:\/\/www.lanuevaopcion.cl\/index.php?rest_route=\/wp\/v2\/types\/post"}],"author":[{"embeddable":true,"href":"http:\/\/www.lanuevaopcion.cl\/index.php?rest_route=\/wp\/v2\/users\/51"}],"replies":[{"embeddable":true,"href":"http:\/\/www.lanuevaopcion.cl\/index.php?rest_route=%2Fwp%2Fv2%2Fcomments&post=24429"}],"version-history":[{"count":1,"href":"http:\/\/www.lanuevaopcion.cl\/index.php?rest_route=\/wp\/v2\/posts\/24429\/revisions"}],"predecessor-version":[{"id":24430,"href":"http:\/\/www.lanuevaopcion.cl\/index.php?rest_route=\/wp\/v2\/posts\/24429\/revisions\/24430"}],"wp:attachment":[{"href":"http:\/\/www.lanuevaopcion.cl\/index.php?rest_route=%2Fwp%2Fv2%2Fmedia&parent=24429"}],"wp:term":[{"taxonomy":"category","embeddable":true,"href":"http:\/\/www.lanuevaopcion.cl\/index.php?rest_route=%2Fwp%2Fv2%2Fcategories&post=24429"},{"taxonomy":"post_tag","embeddable":true,"href":"http:\/\/www.lanuevaopcion.cl\/index.php?rest_route=%2Fwp%2Fv2%2Ftags&post=24429"}],"curies":[{"name":"wp","href":"https:\/\/api.w.org\/{rel}","templated":true}]}}