{"id":24282,"date":"2018-06-27T13:14:17","date_gmt":"2018-06-27T13:14:17","guid":{"rendered":"http:\/\/www.lanuevaopcion.cl\/?p=24282"},"modified":"2018-06-27T13:14:26","modified_gmt":"2018-06-27T13:14:26","slug":"video-maradona-sufrio-descompensacion-tras-la-clasificacion-de-argentina","status":"publish","type":"post","link":"http:\/\/www.lanuevaopcion.cl\/?p=24282","title":{"rendered":"VIDEO | MARADONA SUFRI\u00d3 DESCOMPENSACI\u00d3N TRAS LA CLASIFICACI\u00d3N DE ARGENTINA"},"content":{"rendered":"<p><img loading=\"lazy\" decoding=\"async\"  alt=\"\" src=\"http:\/\/lanacion.cl\/wp-content\/uploads\/2018\/06\/000_16O5FQ-324x160.jpg\" class=\"alignleft\" width=\"324\" height=\"160\" \/ class=\"alignleft\" style=\"margin-right:15px;margin-bottom:10px;float:left;\" ><\/p>\n<p>En una jornada en que mostr\u00f3 un comportamiento muy extra\u00f1o (desenfrenado a ratos, y calmado en otras), Diego Maradona no pod\u00eda caminar y debi\u00f3 ser ayudado al momento de retirarse. Los medios argentinos dicen que sufri\u00f3 una descompensaci\u00f3n.<br \/>\n<!--more--><br \/>\nSIGUE LEYENDO ESTA NOTA EN TRIUNFO.<br \/>\nhttp:\/\/lanacion.cl\/2018\/06\/26\/video-maradona-sufrio-descompensacion-tras-la-clasificacion-de-argentina\/<br \/>\nFUENTE. LA NACION.CL<\/p>\n","protected":false},"excerpt":{"rendered":"<p>En una jornada en que mostr\u00f3 un comportamiento muy extra\u00f1o (desenfrenado a ratos, y calmado en otras), Diego Maradona no pod\u00eda caminar y debi\u00f3 ser ayudado al momento de retirarse. Los medios argentinos dicen que sufri\u00f3 una descompensaci\u00f3n.<\/p>\n","protected":false},"author":51,"featured_media":0,"comment_status":"open","ping_status":"open","sticky":false,"template":"","format":"standard","meta":{"footnotes":""},"categories":[7,5],"tags":[53,280],"class_list":["post-24282","post","type-post","status-publish","format-standard","hentry","category-deporte","category-internacional","tag-mundial","tag-rusia-2018"],"_links":{"self":[{"href":"http:\/\/www.lanuevaopcion.cl\/index.php?rest_route=\/wp\/v2\/posts\/24282","targetHints":{"allow":["GET"]}}],"collection":[{"href":"http:\/\/www.lanuevaopcion.cl\/index.php?rest_route=\/wp\/v2\/posts"}],"about":[{"href":"http:\/\/www.lanuevaopcion.cl\/index.php?rest_route=\/wp\/v2\/types\/post"}],"author":[{"embeddable":true,"href":"http:\/\/www.lanuevaopcion.cl\/index.php?rest_route=\/wp\/v2\/users\/51"}],"replies":[{"embeddable":true,"href":"http:\/\/www.lanuevaopcion.cl\/index.php?rest_route=%2Fwp%2Fv2%2Fcomments&post=24282"}],"version-history":[{"count":2,"href":"http:\/\/www.lanuevaopcion.cl\/index.php?rest_route=\/wp\/v2\/posts\/24282\/revisions"}],"predecessor-version":[{"id":24284,"href":"http:\/\/www.lanuevaopcion.cl\/index.php?rest_route=\/wp\/v2\/posts\/24282\/revisions\/24284"}],"wp:attachment":[{"href":"http:\/\/www.lanuevaopcion.cl\/index.php?rest_route=%2Fwp%2Fv2%2Fmedia&parent=24282"}],"wp:term":[{"taxonomy":"category","embeddable":true,"href":"http:\/\/www.lanuevaopcion.cl\/index.php?rest_route=%2Fwp%2Fv2%2Fcategories&post=24282"},{"taxonomy":"post_tag","embeddable":true,"href":"http:\/\/www.lanuevaopcion.cl\/index.php?rest_route=%2Fwp%2Fv2%2Ftags&post=24282"}],"curies":[{"name":"wp","href":"https:\/\/api.w.org\/{rel}","templated":true}]}}