{"id":24257,"date":"2018-06-12T15:34:40","date_gmt":"2018-06-12T15:34:40","guid":{"rendered":"http:\/\/www.lanuevaopcion.cl\/?p=24257"},"modified":"2018-06-12T15:34:40","modified_gmt":"2018-06-12T15:34:40","slug":"el-%e2%80%9ccurioso%e2%80%9d-comentario-de-trump-que-dejo-sin-habla-a-kim-en-su-primer-encuentro","status":"publish","type":"post","link":"http:\/\/www.lanuevaopcion.cl\/?p=24257","title":{"rendered":"EL \u201cCURIOSO\u201d COMENTARIO DE TRUMP QUE DEJ\u00d3 SIN HABLA A KIM EN SU PRIMER ENCUENTRO"},"content":{"rendered":"<p><img loading=\"lazy\" decoding=\"async\"  alt=\"\" src=\"http:\/\/lanacion.cl\/wp-content\/uploads\/2018\/06\/000_15V0OZ-324x160.jpg\" class=\"alignleft\" width=\"324\" height=\"160\" \/ class=\"alignleft\" style=\"margin-right:15px;margin-bottom:10px;float:left;\" ><br \/>\nC\u00f3mo un hito y un momento hist\u00f3rico defini\u00f3 el presidente de Estados Unidos, Donald Trump, su encuentro con el l\u00edder de Corea del Norte, Kim Jong-un, convirti\u00e9ndose en el primer mandatario de su pa\u00eds en reunirse con la m\u00e1xima autoridad del pa\u00eds oriental.<\/p>\n<p>Adem\u00e1s de los acuerdos firmados en la jornada y las promesas de paz, el carisma y los comentarios de Trump no dejaron de llamar la atenci\u00f3n.<br \/>\n<!--more--><\/p>\n<p>Desde su lenguaje corporal, hasta ense\u00f1arle el interior del auto presidencial apodado \u201cla bestia\u201d, fueron momentos que quedaron inmortalizados por la prensa internacional.<\/p>\n<p>Sin embargo, uno de esos episodios provoc\u00f3 una curiosa reacci\u00f3n en Kim.<\/p>\n<p>Fue al momento que entraban al gran comedor, cuando Trump se dirigi\u00f3 a los periodistas gr\u00e1ficos: \u201c\u00bfEst\u00e1n tomando buenas fotos, todos? Para vernos bien, guapos y delgados\u201d.<br \/>\nhttp:\/\/lanacion.cl\/2018\/06\/12\/el-curioso-comentario-de-trump-que-dejo-sin-habla-a-kim-en-su-primer-encuentro\/<br \/>\nFUENTE. LA NACION.CL<\/p>\n","protected":false},"excerpt":{"rendered":"<p>C\u00f3mo un hito y un momento hist\u00f3rico defini\u00f3 el presidente de Estados Unidos, Donald Trump, su encuentro con el l\u00edder de Corea del Norte, Kim Jong-un, convirti\u00e9ndose en el primer mandatario de su pa\u00eds en reunirse con la m\u00e1xima autoridad del pa\u00eds oriental. Adem\u00e1s de los acuerdos firmados en la jornada y las promesas de [&hellip;]<\/p>\n","protected":false},"author":51,"featured_media":0,"comment_status":"open","ping_status":"open","sticky":false,"template":"","format":"standard","meta":{"footnotes":""},"categories":[5,1,11],"tags":[77],"class_list":["post-24257","post","type-post","status-publish","format-standard","hentry","category-internacional","category-uncategorized","category-tendencias","tag-mundo"],"_links":{"self":[{"href":"http:\/\/www.lanuevaopcion.cl\/index.php?rest_route=\/wp\/v2\/posts\/24257","targetHints":{"allow":["GET"]}}],"collection":[{"href":"http:\/\/www.lanuevaopcion.cl\/index.php?rest_route=\/wp\/v2\/posts"}],"about":[{"href":"http:\/\/www.lanuevaopcion.cl\/index.php?rest_route=\/wp\/v2\/types\/post"}],"author":[{"embeddable":true,"href":"http:\/\/www.lanuevaopcion.cl\/index.php?rest_route=\/wp\/v2\/users\/51"}],"replies":[{"embeddable":true,"href":"http:\/\/www.lanuevaopcion.cl\/index.php?rest_route=%2Fwp%2Fv2%2Fcomments&post=24257"}],"version-history":[{"count":1,"href":"http:\/\/www.lanuevaopcion.cl\/index.php?rest_route=\/wp\/v2\/posts\/24257\/revisions"}],"predecessor-version":[{"id":24258,"href":"http:\/\/www.lanuevaopcion.cl\/index.php?rest_route=\/wp\/v2\/posts\/24257\/revisions\/24258"}],"wp:attachment":[{"href":"http:\/\/www.lanuevaopcion.cl\/index.php?rest_route=%2Fwp%2Fv2%2Fmedia&parent=24257"}],"wp:term":[{"taxonomy":"category","embeddable":true,"href":"http:\/\/www.lanuevaopcion.cl\/index.php?rest_route=%2Fwp%2Fv2%2Fcategories&post=24257"},{"taxonomy":"post_tag","embeddable":true,"href":"http:\/\/www.lanuevaopcion.cl\/index.php?rest_route=%2Fwp%2Fv2%2Ftags&post=24257"}],"curies":[{"name":"wp","href":"https:\/\/api.w.org\/{rel}","templated":true}]}}