{"id":23846,"date":"2017-12-12T17:46:31","date_gmt":"2017-12-12T17:46:31","guid":{"rendered":"http:\/\/www.lanuevaopcion.cl\/?p=23846"},"modified":"2017-12-12T18:57:12","modified_gmt":"2017-12-12T18:57:12","slug":"%e2%80%9ccarlos-pontigo%e2%80%9d%e2%80%9cpresidente-de-los-tecnicos-juridicos-%e2%80%9cpinera-el-virtual-presidente%e2%80%9d","status":"publish","type":"post","link":"http:\/\/www.lanuevaopcion.cl\/?p=23846","title":{"rendered":"\u201cCarlos Pontigo\u201d\u201cPresidente de los T\u00e9cnicos Jur\u00eddicos  \u201cPi\u00f1era el virtual Presidente\u201d"},"content":{"rendered":"<p><img loading=\"lazy\" decoding=\"async\"  alt=\"\" src=\"https:\/\/pbs.twimg.com\/profile_images\/287762572\/n550934101_1493145_1680404_400x400.jpg\" class=\"alignleft\" width=\"400\" height=\"400\" \/ class=\"alignleft\" style=\"margin-right:15px;margin-bottom:10px;float:left;\" ><\/p>\n<p>Por Francisco Toro<\/p>\n<p>Todos los analistas quedaron perplejos y con sus vaticinios bajo la manga luego de las elecciones del pasado 19 de noviembre. Por humildad no me atrevo a sumarme a esa lista de expertos, pero con dignidad me atrevo a sumarme a los ciudadanos con sentido com\u00fan para anticipar mis impresiones de lo que, hasta el debate Anatel de anoche, era un \u00abempate t\u00e9cnico\u00bb entre Sebasti\u00e1n Pi\u00f1era y Alejandro Guillier. Sentencio Pontigo <\/p>\n<p>Si bien este \u00faltimo ha descansado en algunos dichos err\u00e1ticos del ex presidente, ni siquiera ha necesitado revolver sus cartas en juego o ha realizado una autocr\u00edtica sobre su falta de programa o dichos falaces contra su contendor. Podr\u00edamos decir que anoche perdi\u00f3 (otra vez) una gran oportunidad de hacerlo. Incluso persever\u00f3 en la mala praxis de la difamaci\u00f3n a trav\u00e9s de la TV en cadena nacional. Otra bala perdida dijo Pontigo<br \/>\n<!--more--><br \/>\nSabemos que la pol\u00edtica no es lugar para d\u00e9biles y que los escenarios han cambiado desde que Parlamento y Gobierno eran un teatro desierto en busca de actores. Legendarios senadores con los que me he reunido me han mostrado c\u00f3mo el nuevo montaje les qued\u00f3 demasiado grande. Nuevas encrucijadas como el voto voluntario, el sistema electoral D&#8217;Hont y los esperp\u00e9nticos bloques pol\u00edticos son cuerpos extra\u00f1os para los que muchos honorables ya no tienen capacidad de reacci\u00f3n.<br \/>\nDa la impresi\u00f3n de que cada postverdad dicha por Pi\u00f1era, cada negocio cuestionable le suma m\u00e1s puntos de apoyo. \u00bfEs el chileno el que valora a los autores de la piller\u00eda, a los Pedro Urdemales de este siglo en busca de una figura a qui\u00e9n imitar?. No estamos tan lejos de repetir el episodio que llev\u00f3 al triunfo a un fanfarr\u00f3n ignorante como Donald Trump. Esto  digo con conocimiento de causa sumado al aporte de mi amigo americano de nombre Rxxx. Nos reunimos y me base en su opinion, justificando lo que dicen los medios ( no al reves ).!! enfaticamente dice Pontigo <\/p>\n<p>En ese sentido, Pi\u00f1era ganar\u00e1 por menos de un 40% inclusive de votos legitimamente emitidos  y su contendor se acercar\u00e1 por 4 puntos de diferencia, ( esto con un margen  de error ( 2 +\/- 4 ) esto catapulta  su ligereza de palabra, sus cifras inexactas sus fantas\u00edas de desarrollo al estilo Harvard, su citas con grandes personalidades,   en fin. Del otro lado Guillier ; este pa\u00eds no va aceptar un mandatario con principios socialistas, posiciones humanitarias y una agenda de bienestar demasiado com\u00fan ( seguir alimentando la  pobreza  y menos  \u00abadministrado por el partido comunista\u00bb,  ante un empresariado que ya vot\u00f3 ante quien le quiere \u00abmeter la mano al bolsillo\u00bb. Lo saben tambi\u00e9n los errabundos (independientes) que est\u00e1n en el congreso esperando aguas invernales en medio de la sequ\u00eda popular. Manifest\u00f3 Pontigo<\/p>\n<p>El Presidente de los t\u00e9cnicos jur\u00eddicos a t\u00edtulo personal: \u201cLe deseo lo mejor, porque no es mi candidato,\u201d pero si mi pa\u00eds asi lo quiere, por mi parte  quiero que salgamos de este estancamiento y filas de sinverg\u00fcenzas.   Yo lo conozco en persona,  A al Se\u00f1or Pi\u00f1era , \u00abno asisti\u00f3 nunca a mi programa TV \u00abLa Hora Pyme\u00bb en UCVTV y adem\u00e1s nos dejo plantado varias  veces, Ademas nos prometio poner a nuestra disposicion su editorial planeta hace 15 a\u00f1os aprox para realizar mi primer libro (cosa que nunca ocurri\u00f3). Uno de sus dichos a mi periodista fue  (\u00abSi no cumplo con esta invitaci\u00f3n, el se\u00f1or los vaminos del cielo me esperan y castigar\u00e1\u00bb,) manifest\u00f3 con la seguridad que vende). Esto me hace pensar que aunque sea un hombre que miente sin remordimiento alguno, al menos es consecuente a ese personaje que infla las expectativas de todo un pa\u00eds y es capaz de decir lo que todos desean escuchar. finalizo Carlos <\/p>\n<p>Mi experiencia de Pyme, la convivencia con mis pares comerciantes, importadores, Productores de TV peque\u00f1os empresarios y mini Pymes, es mi mejor predictor. No hago encuestas por tel\u00e9fono a personas que quieren cortar pronto la llamada, no relleno cuadernillos con estad\u00edstica ni leo los diarios para copiar lo que otros dicen con vinculacia y tendencia de su l\u00ednea editorial. ( como ustedes bien saben soy el hombre de los DE LOS DOMINIOS EN INTERNET sitios web, los tengo a casi todos registrados,  , y aposte por su Se\u00f1ora (www.morel.cl) , del cual soy due\u00f1o de los registros NIC.!! pero detino  quizo otra cosa.!! en fin .. an\u00e8cdota para tu medio amigo. dijo Carlos .<\/p>\n<p>Estoy convencido que la banda presidencial ya tiene nombre. \u00a1!Y se llama \u00a1!Sebasti\u00e1n Pi\u00f1era Eche\u00f1ique!!.  No por ser el m\u00e1s ecu\u00e1nime, justo y perfecto de los candidatos en juego.  Sino como el mal menor. No me pidan cifras, solo esboc\u00e9 el porcentaje anterior. Siguiendo mis instintos creo que  medio mill\u00f3n menos de votos habr\u00e1 de diferencia, con referencia a la votaci\u00f3n del 19 de noviembre. Aqu\u00ed un hecho a constatar  J.A Kast y J.M Ossand\u00f3n a rega\u00f1adientes lo apoyar\u00e1n creo? , \u00a1!Pero trabajo y apoyo al fin!!.   Han trabajado al menos,  lo que la Nueva Mayor\u00eda y los pactos de Alejandro Guillier han dormido&#8230;en los laureles. \u00d3sea decir m\u00e1s, es insultar su inteligencia! He dicho\u2026.<br \/>\n\u00c9xito, para ese ganador. y un dato , en 5 a\u00f1os tendran al menos 1 millon de votantes mas ( los migrantes , tendr\u00e0n de acuerdo a nuestra constituci\u00f2n y ley de migraci\u00f2n , ser\u00e0n ciudadanos y por tal raz\u00f2n (con derecho a voto):!! \u00abtan tan\u00bb .<br \/>\nQue Dios bendiga y proteja esta Patria generosa, a veces liderada por mezquinos,  este pais necesita Menos limosnas,  menos impuestos para cada ciudadano y ayuda visible a las Pyme. \u00a1!<br \/>\nCarlos Pontigo R.<br \/>\nPresidente Asociaci\u00f3n de T\u00e9cnicos Jur\u00eddicos y afines de Chile<br \/>\nwww.juridicosag.cl<br \/>\nwww.carlospontigo.cl<br \/>\nFono: 56-9-61214829 <\/p>\n","protected":false},"excerpt":{"rendered":"<p>Por Francisco Toro Todos los analistas quedaron perplejos y con sus vaticinios bajo la manga luego de las elecciones del pasado 19 de noviembre. Por humildad no me atrevo a sumarme a esa lista de expertos, pero con dignidad me atrevo a sumarme a los ciudadanos con sentido com\u00fan para anticipar mis impresiones de lo [&hellip;]<\/p>\n","protected":false},"author":51,"featured_media":0,"comment_status":"open","ping_status":"open","sticky":false,"template":"","format":"standard","meta":{"footnotes":""},"categories":[16,1,11],"tags":[261],"class_list":["post-23846","post","type-post","status-publish","format-standard","hentry","category-nacional","category-uncategorized","category-tendencias","tag-eleccion-presidential-2017"],"_links":{"self":[{"href":"http:\/\/www.lanuevaopcion.cl\/index.php?rest_route=\/wp\/v2\/posts\/23846","targetHints":{"allow":["GET"]}}],"collection":[{"href":"http:\/\/www.lanuevaopcion.cl\/index.php?rest_route=\/wp\/v2\/posts"}],"about":[{"href":"http:\/\/www.lanuevaopcion.cl\/index.php?rest_route=\/wp\/v2\/types\/post"}],"author":[{"embeddable":true,"href":"http:\/\/www.lanuevaopcion.cl\/index.php?rest_route=\/wp\/v2\/users\/51"}],"replies":[{"embeddable":true,"href":"http:\/\/www.lanuevaopcion.cl\/index.php?rest_route=%2Fwp%2Fv2%2Fcomments&post=23846"}],"version-history":[{"count":9,"href":"http:\/\/www.lanuevaopcion.cl\/index.php?rest_route=\/wp\/v2\/posts\/23846\/revisions"}],"predecessor-version":[{"id":23848,"href":"http:\/\/www.lanuevaopcion.cl\/index.php?rest_route=\/wp\/v2\/posts\/23846\/revisions\/23848"}],"wp:attachment":[{"href":"http:\/\/www.lanuevaopcion.cl\/index.php?rest_route=%2Fwp%2Fv2%2Fmedia&parent=23846"}],"wp:term":[{"taxonomy":"category","embeddable":true,"href":"http:\/\/www.lanuevaopcion.cl\/index.php?rest_route=%2Fwp%2Fv2%2Fcategories&post=23846"},{"taxonomy":"post_tag","embeddable":true,"href":"http:\/\/www.lanuevaopcion.cl\/index.php?rest_route=%2Fwp%2Fv2%2Ftags&post=23846"}],"curies":[{"name":"wp","href":"https:\/\/api.w.org\/{rel}","templated":true}]}}