{"id":23844,"date":"2017-12-12T13:13:44","date_gmt":"2017-12-12T13:13:44","guid":{"rendered":"http:\/\/www.lanuevaopcion.cl\/?p=23844"},"modified":"2017-12-12T13:13:44","modified_gmt":"2017-12-12T13:13:44","slug":"video-candidatos-fueron-consultados-sobre-cualidades-de-su-contrincante-y-termino-en-pelea-campal","status":"publish","type":"post","link":"http:\/\/www.lanuevaopcion.cl\/?p=23844","title":{"rendered":"VIDEO | CANDIDATOS FUERON CONSULTADOS SOBRE CUALIDADES DE SU CONTRINCANTE Y TERMIN\u00d3 EN PELEA CAMPAL"},"content":{"rendered":"<p><img loading=\"lazy\" decoding=\"async\"  alt=\"\" src=\"http:\/\/media.lanacion.cl\/wp-content\/uploads\/2017\/12\/A_UNO_877807-696x391.jpg\" class=\"alignleft\" width=\"696\" height=\"391\" \/ class=\"alignleft\" style=\"margin-right:15px;margin-bottom:10px;float:left;\" ><br \/>\nDurante el debate presidencial organizado por Anatel, los candidatos Sebasti\u00e1n Pi\u00f1era y Alejandro Guillier fueron consultados sobre cu\u00e1l es una de los atributos positivos de su contrincante en la carrera por La Moneda.<\/p>\n<p>Fue con esa pregunta que se desat\u00f3 un conflicto que poco se pudo frenar.<\/p>\n<p>El primero en contestar fue el abanderado por Chile Vamos, Sebasti\u00e1n Pi\u00f1era, quien no tard\u00f3 en destacar la trayectoria de Alejando Guillier, aunque haciendo hincapi\u00e9 en su falta de experiencia en materia pol\u00edtica.<br \/>\n<!--more--><br \/>\nA su vez, el candidato de Fuerza de Mayor\u00eda no tard\u00f3 en destacar su habilidad en los negocios, aunque a veces \u201cjuega un poco al l\u00edmite\u201d, adem\u00e1s de decir que durante su gobierno no cumpli\u00f3 las promesas que ahora expone.<br \/>\nhttp:\/\/lanacion.cl\/2017\/12\/12\/video-candidatos-fueron-consultados-sobre-cualidades-de-su-contrincante-y-termino-en-pelea-campal\/<br \/>\nFUENTE. LA NACION.CL<\/p>\n","protected":false},"excerpt":{"rendered":"<p>Durante el debate presidencial organizado por Anatel, los candidatos Sebasti\u00e1n Pi\u00f1era y Alejandro Guillier fueron consultados sobre cu\u00e1l es una de los atributos positivos de su contrincante en la carrera por La Moneda. Fue con esa pregunta que se desat\u00f3 un conflicto que poco se pudo frenar. El primero en contestar fue el abanderado por [&hellip;]<\/p>\n","protected":false},"author":51,"featured_media":0,"comment_status":"open","ping_status":"open","sticky":false,"template":"","format":"standard","meta":{"footnotes":""},"categories":[16,1,6],"tags":[],"class_list":["post-23844","post","type-post","status-publish","format-standard","hentry","category-nacional","category-uncategorized","category-tecnologia"],"_links":{"self":[{"href":"http:\/\/www.lanuevaopcion.cl\/index.php?rest_route=\/wp\/v2\/posts\/23844","targetHints":{"allow":["GET"]}}],"collection":[{"href":"http:\/\/www.lanuevaopcion.cl\/index.php?rest_route=\/wp\/v2\/posts"}],"about":[{"href":"http:\/\/www.lanuevaopcion.cl\/index.php?rest_route=\/wp\/v2\/types\/post"}],"author":[{"embeddable":true,"href":"http:\/\/www.lanuevaopcion.cl\/index.php?rest_route=\/wp\/v2\/users\/51"}],"replies":[{"embeddable":true,"href":"http:\/\/www.lanuevaopcion.cl\/index.php?rest_route=%2Fwp%2Fv2%2Fcomments&post=23844"}],"version-history":[{"count":1,"href":"http:\/\/www.lanuevaopcion.cl\/index.php?rest_route=\/wp\/v2\/posts\/23844\/revisions"}],"predecessor-version":[{"id":23845,"href":"http:\/\/www.lanuevaopcion.cl\/index.php?rest_route=\/wp\/v2\/posts\/23844\/revisions\/23845"}],"wp:attachment":[{"href":"http:\/\/www.lanuevaopcion.cl\/index.php?rest_route=%2Fwp%2Fv2%2Fmedia&parent=23844"}],"wp:term":[{"taxonomy":"category","embeddable":true,"href":"http:\/\/www.lanuevaopcion.cl\/index.php?rest_route=%2Fwp%2Fv2%2Fcategories&post=23844"},{"taxonomy":"post_tag","embeddable":true,"href":"http:\/\/www.lanuevaopcion.cl\/index.php?rest_route=%2Fwp%2Fv2%2Ftags&post=23844"}],"curies":[{"name":"wp","href":"https:\/\/api.w.org\/{rel}","templated":true}]}}