{"id":23842,"date":"2017-12-11T21:39:39","date_gmt":"2017-12-11T21:39:39","guid":{"rendered":"http:\/\/www.lanuevaopcion.cl\/?p=23842"},"modified":"2017-12-11T21:39:39","modified_gmt":"2017-12-11T21:39:39","slug":"ultima-encuesta-cadem-antes-de-segunda-vuelta-pinera-y-guillier-empatados","status":"publish","type":"post","link":"http:\/\/www.lanuevaopcion.cl\/?p=23842","title":{"rendered":"\u00daltima encuesta Cadem antes de segunda vuelta: Pi\u00f1era y Guillier empatados"},"content":{"rendered":"<p><img loading=\"lazy\" decoding=\"async\"  alt=\"\" src=\"http:\/\/www.cooperativa.cl\/noticias\/site\/artic\/20171201\/imag\/foto_0000002420171201190125.jpg\" class=\"alignleft\" width=\"274\" height=\"154\" \/ class=\"alignleft\" style=\"margin-right:15px;margin-bottom:10px;float:left;\" ><br \/>\nLa empresa Cadem dio a conocer este viernes su \u00faltima encuesta de intenci\u00f3n de voto previa a la segunda vuelta del domingo 17 de diciembre y afirm\u00f3  que, \u00abdesde un punto de vista estad\u00edstico\u00bb, la elecci\u00f3n \u00abse mantiene empatada\u00bb.<\/p>\n<p>Seg\u00fan la firma, en el total de la muestra de 1.439 personas, Sebasti\u00e1n Pi\u00f1era muestra un alza de 0,2 puntos respecto al sondeo anterior, presentado el lunes, y se ubica en un 40,0 por ciento de las preferencias.<\/p>\n<p>Alejandro Guillier consigue el 38,6 por ciento, creciendo 1,3 puntos en comparaci\u00f3n con su desempe\u00f1o en el estudio del 24 de noviembre.<\/p>\n<p>La diferencia de 1,4 puntos porcentuales entre los dos candidatos se encuentra dentro del \u00ab+\/- 2,6 puntos porcentuales\u00bb del margen de error.<br \/>\n<!--more--><br \/>\nEl 21,4 por ciento responde que no sabe, no responde, vota nulo, blanco, por ning\u00fan candidato o no votar\u00e1 en el balotaje. <\/p>\n<p>Ver imagen en Twitter<br \/>\nVer imagen en Twitter<\/p>\n<p>Plaza P\u00fablica Cadem<br \/>\n@PlazaCadem<br \/>\nDesde un punto de vista estad\u00edstico, la elecci\u00f3n de 17\/dic se mantiene empatada. En el total de la muestra, Pi\u00f1era obtiene 40% (+0.2%) de las menciones, Guillier 38,6% (+1.3%) y un 21.4% (-1.5%) se\u00f1ala que no sabe, no responde, nulo, blanco, por ninguno o no votar\u00eda #Cadem<br \/>\n17:33 &#8211; 1 dic. 2017<br \/>\n 3 3 respuestas   13 13 Retweets   8 8 me gusta<br \/>\nInformaci\u00f3n y privacidad de Twitter Ads<br \/>\nCabe recordar que, en medio del descr\u00e9dito en el que cayeron las encuestas tras la primera vuelta, donde los resultados se alejaron significativamente de las cifras que anticiparon, Cadem y el Centro de Estudios P\u00fablicos (CEP) salieron a dar explicaciones.<\/p>\n<p>Por esto, Cadem opt\u00f3 por no estimar un votante probable y dar los resultados del total de la muestra, lo que hizo en el referido sondeo que dio a conocer el lunes.<\/p>\n<p>En la encuesta de hoy, dentro de quienes declaran estar totalmente decididos de ir a votar en segunda vuelta (71 por ciento), el ex Mandatario obtiene un 46,1 por ciento y el senador un 43,6 por ciento, diferencia que tambi\u00e9n se encuentra dentro del margen de error.<\/p>\n<p>En este caso, un 10,3 por ciento se\u00f1ala que no sabe, no responde, nulo, blanco, por ninguno o no votar\u00eda.<br \/>\nhttp:\/\/www.cooperativa.cl\/noticias\/pais\/politica\/presidenciales\/ultima-encuesta-cadem-antes-de-segunda-vuelta-pinera-y-guillier\/2017-12-01\/190125.html<br \/>\nFUENTE: cooperativa.cl<\/p>\n","protected":false},"excerpt":{"rendered":"<p>La empresa Cadem dio a conocer este viernes su \u00faltima encuesta de intenci\u00f3n de voto previa a la segunda vuelta del domingo 17 de diciembre y afirm\u00f3 que, \u00abdesde un punto de vista estad\u00edstico\u00bb, la elecci\u00f3n \u00abse mantiene empatada\u00bb. Seg\u00fan la firma, en el total de la muestra de 1.439 personas, Sebasti\u00e1n Pi\u00f1era muestra un [&hellip;]<\/p>\n","protected":false},"author":51,"featured_media":0,"comment_status":"open","ping_status":"open","sticky":false,"template":"","format":"standard","meta":{"footnotes":""},"categories":[5,16,1,11],"tags":[],"class_list":["post-23842","post","type-post","status-publish","format-standard","hentry","category-internacional","category-nacional","category-uncategorized","category-tendencias"],"_links":{"self":[{"href":"http:\/\/www.lanuevaopcion.cl\/index.php?rest_route=\/wp\/v2\/posts\/23842","targetHints":{"allow":["GET"]}}],"collection":[{"href":"http:\/\/www.lanuevaopcion.cl\/index.php?rest_route=\/wp\/v2\/posts"}],"about":[{"href":"http:\/\/www.lanuevaopcion.cl\/index.php?rest_route=\/wp\/v2\/types\/post"}],"author":[{"embeddable":true,"href":"http:\/\/www.lanuevaopcion.cl\/index.php?rest_route=\/wp\/v2\/users\/51"}],"replies":[{"embeddable":true,"href":"http:\/\/www.lanuevaopcion.cl\/index.php?rest_route=%2Fwp%2Fv2%2Fcomments&post=23842"}],"version-history":[{"count":1,"href":"http:\/\/www.lanuevaopcion.cl\/index.php?rest_route=\/wp\/v2\/posts\/23842\/revisions"}],"predecessor-version":[{"id":23843,"href":"http:\/\/www.lanuevaopcion.cl\/index.php?rest_route=\/wp\/v2\/posts\/23842\/revisions\/23843"}],"wp:attachment":[{"href":"http:\/\/www.lanuevaopcion.cl\/index.php?rest_route=%2Fwp%2Fv2%2Fmedia&parent=23842"}],"wp:term":[{"taxonomy":"category","embeddable":true,"href":"http:\/\/www.lanuevaopcion.cl\/index.php?rest_route=%2Fwp%2Fv2%2Fcategories&post=23842"},{"taxonomy":"post_tag","embeddable":true,"href":"http:\/\/www.lanuevaopcion.cl\/index.php?rest_route=%2Fwp%2Fv2%2Ftags&post=23842"}],"curies":[{"name":"wp","href":"https:\/\/api.w.org\/{rel}","templated":true}]}}