{"id":23771,"date":"2017-11-21T22:19:04","date_gmt":"2017-11-21T22:19:04","guid":{"rendered":"http:\/\/www.lanuevaopcion.cl\/?p=23771"},"modified":"2017-11-22T11:47:05","modified_gmt":"2017-11-22T11:47:05","slug":"empresario-de-los-dominios-de-internet-envia-recado-a-guillier-el-futuro-de-chile-es-sin-operadores-politicos","status":"publish","type":"post","link":"http:\/\/www.lanuevaopcion.cl\/?p=23771","title":{"rendered":"Empresario Pyme de los dominios de internet env\u00eda recado a Guillier: \u00abEl futuro de Chile es sin operadores pol\u00edticos\u00bb"},"content":{"rendered":"<p><img loading=\"lazy\" decoding=\"async\"  alt=\"\" src=\"https:\/\/pbs.twimg.com\/profile_images\/287762572\/n550934101_1493145_1680404_400x400.jpg\" class=\"alignleft\" width=\"400\" height=\"400\" \/ class=\"alignleft\" style=\"margin-right:15px;margin-bottom:10px;float:left;\" ><\/p>\n<p>Por Francisco Toro<\/p>\n<p>En los \u00faltimos preparativos de lo que ser\u00e1 el lanzamiento de su libro de memorias \u00ab15 d\u00edas al desnudo\u00bb, el empresario Carlos Pontigo reflexiona sobre el electrizante escenario electoral y se toma su tiempo para recomendarle a los dos contrincantes que se ver\u00e1n la cara el 17 de diciembre pr\u00f3ximo un par de claves desde la vereda ciudadana.<\/p>\n<p>\u00abLos gobiernos de la Concertaci\u00f3n o La Nueva Mayor\u00eda, con sus aciertos y garrafales errores intent\u00f3 genuinamente transformar un pa\u00eds y eso es innegable para buena parte de la ciudadan\u00eda. Sin embargo, son los intersticios de esta ciudadan\u00eda la que tiene a los analistas de cabeza pregunt\u00e1ndose \u00bfpor qu\u00e9 la gente ya no vota?\u00bb<br \/>\n<!--more--><br \/>\nTodos coincidimos en que la pol\u00edtica chilena ya no es lo que fue y que la aparici\u00f3n de nuevos bloques pol\u00edticos como el Frente Amplio son una respuesta a esta b\u00fasqueda de sentido pol\u00edtico, cree. \u00abLas pugnas de la transformaci\u00f3n intentar\u00e1n instalar una nueva forma de hacer pol\u00edtica que no solo rompe con el sistema binominal sino que, en el fondo, nos ha convertido en privilegiados testigos del cierre de una forma de hacer pol\u00edtica en nuestro pa\u00eds\u00bb, agrega Pontigo.<\/p>\n<p>Si nos atenemos a las cifras (las cifras aut\u00e9nticas y no las de las perdidas encuestas), hay que se\u00f1alar que la suma de las campa\u00f1as \u00abTodos contra Pi\u00f1era\u00bb supera el 54%, por lo menos 10 puntos porcentuales m\u00e1s que el espectro Pi\u00f1era + Kast. En ese sentido, si Guillier tiene la intenci\u00f3n de ser radical en el sentido m\u00e1s amplio de la palabra, la recomendaci\u00f3n es acoger las demandas que le surgir\u00e1n de aqu\u00ed a la segunda vuelta. Poner en primer lugar la necesidad de cambios coyunturales y ampliar mucho m\u00e1s el llamado \u00abFrente Amplio\u00bb. Es la \u00fanica manera de refundar una Rep\u00fablica, a mi juicio. El Chile del futuro no es de los operadores pol\u00edticos\u00bb, sentencia.<\/p>\n<p>UN LIBRO PARA TODOS<\/p>\n<p>El estado moral de nuestras instituciones es paup\u00e9rrimo, asegura Pontigo. \u00abJudicial, parlamentario y ejecutivo. De alguna manera todos estamos a la intemperie en esta inmoralidad, falta de verg\u00fcenza y visos de corrupci\u00f3n\u00bb, escribe en su breve texto de 70 p\u00e1ginas \u00ab15 d\u00edas al desnudo\u00bb en el que narra c\u00f3mo se vive el proceso legal y el encierro de quienes no quieren (o pueden o no alcanzan ) pagar una pensi\u00f3n de alimentos.<\/p>\n<p>\u00abEn ese encierro comprend\u00ed  que la vara para medir a los supuestamente malos padres es muy relativa. La mayor\u00eda somos padres en tiempos dif\u00edciles, porque no tenemos la suerte de ser un parlamentario con fuero e influencias\u00bb.<\/p>\n<p>El libro \u00ab15 d\u00edas al desnudo\u00bb se lanza el mediod\u00eda de este mi\u00e9rcoles (13.00) 22 de noviembre en 21 de mayo 565, Santiago Centro. Metro estaci\u00f3n Plaza de Armas con copias gratuitas para los asistentes y un brunch animado por el comediante italiano Gabriele Benni.<br \/>\nFUENTE. LANUEVAOPCION.CL<\/p>\n","protected":false},"excerpt":{"rendered":"<p>Por Francisco Toro En los \u00faltimos preparativos de lo que ser\u00e1 el lanzamiento de su libro de memorias \u00ab15 d\u00edas al desnudo\u00bb, el empresario Carlos Pontigo reflexiona sobre el electrizante escenario electoral y se toma su tiempo para recomendarle a los dos contrincantes que se ver\u00e1n la cara el 17 de diciembre pr\u00f3ximo un par [&hellip;]<\/p>\n","protected":false},"author":1,"featured_media":0,"comment_status":"open","ping_status":"open","sticky":false,"template":"","format":"standard","meta":{"footnotes":""},"categories":[5,16,30,11],"tags":[],"class_list":["post-23771","post","type-post","status-publish","format-standard","hentry","category-internacional","category-nacional","category-policial","category-tendencias"],"_links":{"self":[{"href":"http:\/\/www.lanuevaopcion.cl\/index.php?rest_route=\/wp\/v2\/posts\/23771","targetHints":{"allow":["GET"]}}],"collection":[{"href":"http:\/\/www.lanuevaopcion.cl\/index.php?rest_route=\/wp\/v2\/posts"}],"about":[{"href":"http:\/\/www.lanuevaopcion.cl\/index.php?rest_route=\/wp\/v2\/types\/post"}],"author":[{"embeddable":true,"href":"http:\/\/www.lanuevaopcion.cl\/index.php?rest_route=\/wp\/v2\/users\/1"}],"replies":[{"embeddable":true,"href":"http:\/\/www.lanuevaopcion.cl\/index.php?rest_route=%2Fwp%2Fv2%2Fcomments&post=23771"}],"version-history":[{"count":11,"href":"http:\/\/www.lanuevaopcion.cl\/index.php?rest_route=\/wp\/v2\/posts\/23771\/revisions"}],"predecessor-version":[{"id":23782,"href":"http:\/\/www.lanuevaopcion.cl\/index.php?rest_route=\/wp\/v2\/posts\/23771\/revisions\/23782"}],"wp:attachment":[{"href":"http:\/\/www.lanuevaopcion.cl\/index.php?rest_route=%2Fwp%2Fv2%2Fmedia&parent=23771"}],"wp:term":[{"taxonomy":"category","embeddable":true,"href":"http:\/\/www.lanuevaopcion.cl\/index.php?rest_route=%2Fwp%2Fv2%2Fcategories&post=23771"},{"taxonomy":"post_tag","embeddable":true,"href":"http:\/\/www.lanuevaopcion.cl\/index.php?rest_route=%2Fwp%2Fv2%2Ftags&post=23771"}],"curies":[{"name":"wp","href":"https:\/\/api.w.org\/{rel}","templated":true}]}}