{"id":23644,"date":"2017-10-02T21:15:15","date_gmt":"2017-10-02T21:15:15","guid":{"rendered":"http:\/\/www.lanuevaopcion.cl\/?p=23644"},"modified":"2017-10-02T21:15:15","modified_gmt":"2017-10-02T21:15:15","slug":"presupuesto-expertos-se-vieron-sorprendidos-con-el-aumento-del-gasto-publico","status":"publish","type":"post","link":"http:\/\/www.lanuevaopcion.cl\/?p=23644","title":{"rendered":"PRESUPUESTO: EXPERTOS SE VIERON SORPRENDIDOS CON EL AUMENTO DEL GASTO P\u00daBLICO"},"content":{"rendered":"<p><img loading=\"lazy\" decoding=\"async\"  alt=\"\" src=\"http:\/\/media.lanacion.cl\/wp-content\/uploads\/2017\/10\/eyzaguirre2-aton-218x150.jpg\" class=\"alignleft\" width=\"218\" height=\"150\" \/ class=\"alignleft\" style=\"margin-right:15px;margin-bottom:10px;float:left;\" ><br \/>\nLa Mandataria Michelle Bachelet entreg\u00f3 el domingo, a trav\u00e9s de una cadena nacional de radio y televisi\u00f3n, los detalles del proyecto de la Ley de Presupuesto 2018 que envi\u00f3 al Congreso para ser discutido y sin duda el mayor tema de debate es la cifra de expansi\u00f3n del gasto p\u00fablico entregado por el Gobierno.<\/p>\n<p>La mayor\u00eda de los analistas esperaban un incremento no mayor al 3%, pero la Presidenta sorprendi\u00f3 con un 3,9%. Esta cifra ha recibido una serie de cr\u00edticas, especialmente del sector opositor, que calificaron el aumento como una \u201cirresponsabilidad\u201d. Pero, \u00bfQu\u00e9 tan cierto es esto?<br \/>\n<!--more--><br \/>\nLa Naci\u00f3n consult\u00f3 a dos expertos, que nos entregaron sus puntos de vista sobre el proyecto que ser\u00e1 discutido en el Parlamento.<\/p>\n<p>\u201cEN EL CONTEXTO ACTUAL, ES IRRESPONSABLE\u201d<\/p>\n<p>El acad\u00e9mico de la Universidad Mayor y exsubsecretario de Econom\u00eda, Tom\u00e1s Flores, critic\u00f3 sin reparos el proyecto dado a conocer, se\u00f1alando que \u201ces irresponsable\u201d. El economista argument\u00f3 su postura con los siguientes dos motivos: \u201cPrimero, el mismo gobierno en su momento transmiti\u00f3 el aumento del 3% como algo probable, lo cual se vio corroborado por la opini\u00f3n del Banco Central, que al presentar su IPOM tambi\u00e9n se\u00f1al\u00f3 que un 3% estaba en el l\u00edmite de lo que era responsable. Segundo, esta expansi\u00f3n del 3,9% efectivamente nos genera un problema adicional en relaci\u00f3n al aumento de la deuda p\u00fablica. Hace 4 a\u00f1os el monto era aproximadamente de un 11% del PIB y este a\u00f1o va a terminar en cerca de 25%, por tanto una expansi\u00f3n de gasto de 3,9% no enfrenta este problema, sino que de hecho lo agrava\u201d.<\/p>\n<p>Aunque Bachelet asegur\u00f3 que el gobierno cumplir\u00e1 con reducir en un 0,25% el d\u00e9ficit estructural, afirm\u00f3 que \u201cuna de las cr\u00edticas, sobre todo contra el exministro Rodrigo Vald\u00e9s, es la medici\u00f3n de ese d\u00e9ficit estructural, porque efectivamente su apreciaci\u00f3n y reporte fue cambiando con el tiempo. Entonces con los datos ya efectivos, vamos a saber de verdad si es que hay una mejor\u00eda en esa materia o no\u201d.<\/p>\n<p>Aunque concord\u00f3 que \u201clos datos nos muestran que el sector minero ya est\u00e1 en recuperaci\u00f3n, en el \u00faltimo trimestre cre\u00f3 m\u00e1s de 3 mil puestos de trabajo, la producci\u00f3n minera subi\u00f3 m\u00e1s del 9% y, por lo tanto, ah\u00ed hay nueva inversi\u00f3n\u201d, aclar\u00f3 que \u201cen el resto de la econom\u00eda todav\u00eda estamos en proceso de recuperaci\u00f3n. De hecho la industria en el mes de agosto creci\u00f3 un 1,4%. Por eso, es preferible ser m\u00e1s cauteloso respecto a la mirada hacia el futuro, porque en los a\u00f1os anteriores cometimos el error de creer que la recuperaci\u00f3n ya ven\u00eda y al final nunca lleg\u00f3\u201d.<\/p>\n<p>Respecto a priorizar la gratuidad en la educaci\u00f3n, Flores asever\u00f3 que \u201ces un error, porque efectivamente ya est\u00e1 cubierto el 50% de las familias m\u00e1s vulnerables con gratuidad. Avanzar en eso implica probablemente que otras prioridades, m\u00e1s urgentes, no est\u00e9n siendo satisfechas. Gran parte de la expansi\u00f3n del gasto p\u00fablico va a ser dedicado a la gratuidad, existiendo efectivamente otras necesidades como las que hemos conocido de parte del Sename\u201d.<\/p>\n<p>Adelant\u00f3 que otro tema que se discutir\u00e1 bastante \u201ces el retraso que tuvo el plan de construcci\u00f3n de hospitales en relaci\u00f3n a la promesa que se hab\u00eda hecho\u201d.<\/p>\n<p>Ante la pregunta si encuentra algo positivo en el proyecto, dijo que \u201ccreo que es mejor ver el detalle ahora, porque en el comunicado global efectivamente hay m\u00e1s cr\u00edticas que aspectos positivos\u201d.<\/p>\n<p>\u201cPOCAS ESPERANZAS PARA UNA REFORMA PREVISIONAL\u201d<\/p>\n<p>Una visi\u00f3n similar tiene el acad\u00e9mico de Ingenier\u00eda Comercial de la Universidad San Sebasti\u00e1n, Javier Irarr\u00e1zaval Lazcano, al manifestar que \u201cel exministro Vald\u00e9s, el principal autor del proyecto, especific\u00f3 hace unas semanas que no debiera observarse un aumento presupuestario mayor a un 3%, porque ser\u00eda irresponsable considerando tres cosas: en los \u00faltimos 5 a\u00f1os el fisco ha incurrido en d\u00e9ficit; la deuda p\u00fablica se ha duplicado en este gobierno, representando ahora pr\u00e1cticamente un 25% del PIB, y el crecimiento promedio ha sido de 1,6% en estos \u00faltimos a\u00f1os, y la mayor\u00eda del aumento de los ingresos estatales est\u00e1n correlacionados con el crecimiento de la econom\u00eda. Por lo tanto, s\u00ed, me parece una medida levemente irresponsable, pero menos irresponsable que los aumentos para los presupuestos 2014 y 2015\u201d.<\/p>\n<p>Esto a pesar de que concuerda con que \u201cse est\u00e1n viendo se\u00f1ales de recuperaci\u00f3n econ\u00f3mica, como el Imacec, el consumo interno, el entorno internacional y las mismas proyecciones de crecimiento\u201d.<\/p>\n<p>Respecto a la prioridad dada por la Mandataria de garantizar la gratuidad en la educaci\u00f3n, Irarr\u00e1zaval sostuvo que \u201cno debiera sorprender, ya que hist\u00f3ricamente educaci\u00f3n y salud son las partidas presupuestarias m\u00e1s grandes. Incluso si s\u00f3lo se quisiera mantener la proporci\u00f3n de gasto en educaci\u00f3n y salud (alrededor de un 40% del gasto fiscal), es razonable que se lleven la mayor\u00eda del aumento del gasto fiscal a\u00f1o a a\u00f1o\u201d.<\/p>\n<p>\u201cLa tercera partida m\u00e1s importante normalmente es Trabajo y Previsi\u00f3n Social, y con la implementaci\u00f3n de la reforma tributaria y la presentaci\u00f3n de la reforma previsional, uno esperar\u00eda un importante aumento en el presupuesto de esta partida. Quiz\u00e1s el hecho de que no haya sido as\u00ed refleja la poca esperanza que el gobierno tiene en que se apruebe esta reforma\u201d, agreg\u00f3 el experto.<\/p>\n<p>El acad\u00e9mico afirm\u00f3 que \u201clamentablemente, este aumento del gasto p\u00fablico avala la rebaja crediticia por parte de las clasificadoras de riesgo en los \u00faltimos meses. La buena noticia es que, seg\u00fan lo anunciado, se estar\u00eda cumpliendo la nueva regla impuesta en 2015 sobre reducir el d\u00e9ficit estructural en aproximadamente 0,25 puntos porcentuales del PIB cada a\u00f1o. Claro que esto solo se podr\u00e1 comprobar una vez ejecutado el presupuesto\u201d.<br \/>\nhttp:\/\/lanacion.cl\/2017\/10\/02\/presupuesto-expertos-se-vieron-sorprendidos-con-el-aumento-del-gasto-publico\/<br \/>\nFUENTE. LA NACION.CL <\/p>\n","protected":false},"excerpt":{"rendered":"<p>La Mandataria Michelle Bachelet entreg\u00f3 el domingo, a trav\u00e9s de una cadena nacional de radio y televisi\u00f3n, los detalles del proyecto de la Ley de Presupuesto 2018 que envi\u00f3 al Congreso para ser discutido y sin duda el mayor tema de debate es la cifra de expansi\u00f3n del gasto p\u00fablico entregado por el Gobierno. La [&hellip;]<\/p>\n","protected":false},"author":51,"featured_media":0,"comment_status":"open","ping_status":"open","sticky":false,"template":"","format":"standard","meta":{"footnotes":""},"categories":[1],"tags":[1629,1635,93,1628],"class_list":["post-23644","post","type-post","status-publish","format-standard","hentry","category-uncategorized","tag-economia","tag-nacional","tag-pais","tag-uncategorized"],"_links":{"self":[{"href":"http:\/\/www.lanuevaopcion.cl\/index.php?rest_route=\/wp\/v2\/posts\/23644","targetHints":{"allow":["GET"]}}],"collection":[{"href":"http:\/\/www.lanuevaopcion.cl\/index.php?rest_route=\/wp\/v2\/posts"}],"about":[{"href":"http:\/\/www.lanuevaopcion.cl\/index.php?rest_route=\/wp\/v2\/types\/post"}],"author":[{"embeddable":true,"href":"http:\/\/www.lanuevaopcion.cl\/index.php?rest_route=\/wp\/v2\/users\/51"}],"replies":[{"embeddable":true,"href":"http:\/\/www.lanuevaopcion.cl\/index.php?rest_route=%2Fwp%2Fv2%2Fcomments&post=23644"}],"version-history":[{"count":1,"href":"http:\/\/www.lanuevaopcion.cl\/index.php?rest_route=\/wp\/v2\/posts\/23644\/revisions"}],"predecessor-version":[{"id":23645,"href":"http:\/\/www.lanuevaopcion.cl\/index.php?rest_route=\/wp\/v2\/posts\/23644\/revisions\/23645"}],"wp:attachment":[{"href":"http:\/\/www.lanuevaopcion.cl\/index.php?rest_route=%2Fwp%2Fv2%2Fmedia&parent=23644"}],"wp:term":[{"taxonomy":"category","embeddable":true,"href":"http:\/\/www.lanuevaopcion.cl\/index.php?rest_route=%2Fwp%2Fv2%2Fcategories&post=23644"},{"taxonomy":"post_tag","embeddable":true,"href":"http:\/\/www.lanuevaopcion.cl\/index.php?rest_route=%2Fwp%2Fv2%2Ftags&post=23644"}],"curies":[{"name":"wp","href":"https:\/\/api.w.org\/{rel}","templated":true}]}}