{"id":23638,"date":"2017-09-28T18:44:24","date_gmt":"2017-09-28T18:44:24","guid":{"rendered":"http:\/\/www.lanuevaopcion.cl\/?p=23638"},"modified":"2017-09-28T18:44:24","modified_gmt":"2017-09-28T18:44:24","slug":"amnistia-internacional-lanza-campana-%e2%80%9cdefiende-lo-humano%e2%80%9d-dirigida-a-candidatos-a-la-presidencia","status":"publish","type":"post","link":"http:\/\/www.lanuevaopcion.cl\/?p=23638","title":{"rendered":"AMNIST\u00cdA INTERNACIONAL LANZA CAMPA\u00d1A \u201cDEFIENDE LO HUMANO\u201d DIRIGIDA A CANDIDATOS A LA PRESIDENCIA"},"content":{"rendered":"<p><img loading=\"lazy\" decoding=\"async\"  alt=\"\" src=\"http:\/\/media.lanacion.cl\/wp-content\/uploads\/2017\/09\/A_UNO_831867-324x160.jpg\" class=\"alignleft\" width=\"324\" height=\"160\" \/ class=\"alignleft\" style=\"margin-right:15px;margin-bottom:10px;float:left;\" ><br \/>\nCuando Chile se prepara para elegir a su presidente o presidenta de la Rep\u00fablica, Amnist\u00eda Internacional lanza su campa\u00f1a \u201cDefiende lo humano\u201d. Dicha campa\u00f1a dirigida a los candidatos y candidatas, y tiene por objetivo instarles a asumir un compromiso p\u00fablico con los derechos humanos e incorporarlos en sus programas de gobierno.<\/p>\n<p>\u201cEl respeto mutuo, el buen trato, la igualdad, la dignidad de las personas, son los fundamentos b\u00e1sicos de los derechos humanos. La \u00fanica forma de garantizar el pleno respeto de la dignidad de las personas es asegurando los derechos humanos como piedra angular en todas las pol\u00edticas p\u00fablicas\u201d, menciona Ana Piquer, directora ejecutiva de Amnist\u00eda Internacional Chile.<br \/>\n<!--more--><br \/>\nEl pa\u00eds ha ratificado la mayor\u00eda de los principales tratados internacionales de derechos humanos, por lo que se encuentra obligado a respetar, proteger y cumplir los derechos establecidos en dichos instrumentos, en plena igualdad y sin discriminaci\u00f3n de ninguna especie.<\/p>\n<p>\u201cLos derechos humanos no son un ideal ni una aspiraci\u00f3n: son un m\u00ednimo b\u00e1sico que quien lidere el pa\u00eds debe poner en el centro de su gobierno. No son un programa pol\u00edtico en s\u00ed mismos, sino el piso m\u00ednimo para cualquier programa pol\u00edtico que quiera poner la justicia y la dignidad humana en el centro. Los 8 candidatos y candidatas deben aprovechar esta oportunidad para proponer c\u00f3mo abordar\u00e1n los numerosos retos en materia de derechos humanos que Chile tiene actualmente\u201d, menciona Ana Piquer.<\/p>\n<p>Amnist\u00eda Internacional ha revisado los anuncios y programas disponibles a la fecha de las distintas candidaturas y ha constatado que varios temas de derechos humanos han sido abordados desde diferentes perspectivas y con distintos niveles de profundidad.<\/p>\n<p>\u201cSi bien varios programas dan respuesta a nuestras preocupaciones, algunos temas son abordados de manera muy controvertida y contradictorias entre s\u00ed. Un ejemplo es lo que pasa con los pueblos ind\u00edgenas y con los derechos sexuales y reproductivos donde hay posiciones muy antag\u00f3nicas. Adem\u00e1s, llama la atenci\u00f3n la absoluta ausencia de c\u00f3mo se abordar\u00e1 la impunidad, tanto del pasado como del presente, y c\u00f3mo se brindar\u00e1 protecci\u00f3n a la labor que realizan los defensores y defensoras de derechos humanos\u201d, menciona Ana Piquer.<\/p>\n<p>En el contexto de la campa\u00f1a, la organizaci\u00f3n ha enviado a cada candidato y candidata una carta abierta con las principales preocupaciones sobre derechos humanos para Chile, adem\u00e1s ha solicitado reunirse con cada aspirante a La Moneda.<\/p>\n<p>Por ello, Amnist\u00eda Internacional ha planteado en la carta siete preguntas fundamentales que resumen sus principales inquietudes:<\/p>\n<p>\u00bfSe compromete a que existan mecanismos que nos permitan exigir todos nuestros derechos, incluyendo los derechos econ\u00f3micos, sociales y culturales? \u00bfCu\u00e1les?<br \/>\n\u00bfSe compromete a asegurar que quienes hemos vistos nuestros derechos vulnerados, tanto en el pasado como en la actualidad, encontremos verdad, justicia y reparaci\u00f3n? \u00bfC\u00f3mo?<br \/>\n\u00bfSe compromete a asegurar que quienes salimos a reclamar nuestros derechos, lo podamos hacer de manera segura? \u00bfC\u00f3mo?<br \/>\n\u00bfSe compromete a garantizar que quienes llegan al pa\u00eds en busca de nuevas oportunidades, como migrantes o como refugiados\/as, sean recibidos\/as con dignidad? \u00bfC\u00f3mo?<br \/>\n\u00bfSe compromete a garantizar que todas las personas podamos vivir nuestro g\u00e9nero, sexualidad y relaciones de familia de manera libre, segura y sin discriminaci\u00f3n alguna? \u00bfC\u00f3mo?<br \/>\n\u00bfSe compromete a que nuestros pueblos ind\u00edgenas reciban el debido reconocimiento en dignidad y derechos? \u00bfC\u00f3mo?<br \/>\n\u00bfSe compromete a que Chile defienda activamente los derechos humanos en todo el mundo? \u00bfC\u00f3mo?<br \/>\nhttp:\/\/lanacion.cl\/2017\/09\/28\/amnistia-internacional-lanza-campana-defiende-lo-humano-dirigida-a-candidatos-a-la-presidencia\/<br \/>\nFUENTE. LA NACION.CL <\/p>\n","protected":false},"excerpt":{"rendered":"<p>Cuando Chile se prepara para elegir a su presidente o presidenta de la Rep\u00fablica, Amnist\u00eda Internacional lanza su campa\u00f1a \u201cDefiende lo humano\u201d. Dicha campa\u00f1a dirigida a los candidatos y candidatas, y tiene por objetivo instarles a asumir un compromiso p\u00fablico con los derechos humanos e incorporarlos en sus programas de gobierno. \u201cEl respeto mutuo, el [&hellip;]<\/p>\n","protected":false},"author":51,"featured_media":0,"comment_status":"open","ping_status":"open","sticky":false,"template":"","format":"standard","meta":{"footnotes":""},"categories":[1],"tags":[1635,93,1628],"class_list":["post-23638","post","type-post","status-publish","format-standard","hentry","category-uncategorized","tag-nacional","tag-pais","tag-uncategorized"],"_links":{"self":[{"href":"http:\/\/www.lanuevaopcion.cl\/index.php?rest_route=\/wp\/v2\/posts\/23638","targetHints":{"allow":["GET"]}}],"collection":[{"href":"http:\/\/www.lanuevaopcion.cl\/index.php?rest_route=\/wp\/v2\/posts"}],"about":[{"href":"http:\/\/www.lanuevaopcion.cl\/index.php?rest_route=\/wp\/v2\/types\/post"}],"author":[{"embeddable":true,"href":"http:\/\/www.lanuevaopcion.cl\/index.php?rest_route=\/wp\/v2\/users\/51"}],"replies":[{"embeddable":true,"href":"http:\/\/www.lanuevaopcion.cl\/index.php?rest_route=%2Fwp%2Fv2%2Fcomments&post=23638"}],"version-history":[{"count":1,"href":"http:\/\/www.lanuevaopcion.cl\/index.php?rest_route=\/wp\/v2\/posts\/23638\/revisions"}],"predecessor-version":[{"id":23639,"href":"http:\/\/www.lanuevaopcion.cl\/index.php?rest_route=\/wp\/v2\/posts\/23638\/revisions\/23639"}],"wp:attachment":[{"href":"http:\/\/www.lanuevaopcion.cl\/index.php?rest_route=%2Fwp%2Fv2%2Fmedia&parent=23638"}],"wp:term":[{"taxonomy":"category","embeddable":true,"href":"http:\/\/www.lanuevaopcion.cl\/index.php?rest_route=%2Fwp%2Fv2%2Fcategories&post=23638"},{"taxonomy":"post_tag","embeddable":true,"href":"http:\/\/www.lanuevaopcion.cl\/index.php?rest_route=%2Fwp%2Fv2%2Ftags&post=23638"}],"curies":[{"name":"wp","href":"https:\/\/api.w.org\/{rel}","templated":true}]}}