{"id":23634,"date":"2017-09-26T20:30:55","date_gmt":"2017-09-26T20:30:55","guid":{"rendered":"http:\/\/www.lanuevaopcion.cl\/?p=23634"},"modified":"2017-09-26T20:30:55","modified_gmt":"2017-09-26T20:30:55","slug":"aduanas-de-chile-y-bolivia-se-reunen-para-analizar-temas-relativos-a-fronteras","status":"publish","type":"post","link":"http:\/\/www.lanuevaopcion.cl\/?p=23634","title":{"rendered":"ADUANAS DE CHILE Y BOLIVIA SE RE\u00daNEN PARA ANALIZAR TEMAS RELATIVOS A FRONTERAS"},"content":{"rendered":"<p><img loading=\"lazy\" decoding=\"async\"  alt=\"\" src=\"http:\/\/media.lanacion.cl\/wp-content\/uploads\/2017\/09\/Aton_271111-324x160.jpg\" class=\"alignleft\" width=\"324\" height=\"160\" \/ class=\"alignleft\" style=\"margin-right:15px;margin-bottom:10px;float:left;\" ><br \/>\nUn encuentro t\u00e9cnico bilateral para analizar temas relativos a comercio exterior, control en fronteras y otras materias comunes entre las Aduanas de Chile y Bolivia se inici\u00f3 hoy en el puerto de Valpara\u00edso como parte de los acuerdos adoptados, esto, en el marco del Comit\u00e9 de Fronteras realizado a fines de julio en Santa Cruz.<\/p>\n<p>La delegaci\u00f3n de profesionales bolivianos, encabezada por el gerente nacional de Fiscalizaci\u00f3n de la Aduana Nacional de Bolivia, Jos\u00e9 Blacud, fue recibida la ma\u00f1ana de este martes por el director nacional de la Aduana de Chile, Claudio Sep\u00falveda.<br \/>\n<!--more--><br \/>\n\u201cLa cooperaci\u00f3n es un elemento fundamental en el desarrollo de una Aduana moderna. Adem\u00e1s, los varios pasos fronterizos que compartimos, la implementaci\u00f3n de los nuevos complejos integrados y los desaf\u00edos de un comercio internacional m\u00e1s desafiante, hacen que esta reuni\u00f3n sea un importante paso a fin de aumentar la cooperaci\u00f3n, coordinaci\u00f3n e intercambio de informaci\u00f3n\u201d, destac\u00f3 la m\u00e1xima autoridad aduanera chilena.<\/p>\n<p>Sep\u00falveda agreg\u00f3 que \u201cambos pa\u00edses tenemos la aspiraci\u00f3n de asegurar un comercio exterior seguro y expedito, pero tambi\u00e9n queremos avanzar en convertirnos en un puente para toda nuestra regi\u00f3n\u201d<\/p>\n<p>Esta es la segunda reuni\u00f3n de esta envergadura que protagonizan ambas instituciones. La primera fue en el 2015 en Iquique, y son fruto del Acuerdo de Cooperaci\u00f3n e Intercambio de Informaci\u00f3n en Materia Aduanera que ambas instituciones suscribieron en febrero de 2004.<\/p>\n<p>Durante la reuni\u00f3n de trabajo se abordar\u00e1n temas como fortalecer el intercambio de informaci\u00f3n entre las Aduanas para mejorar la detecci\u00f3n de il\u00edcitos aduaneros; avances en la implementaci\u00f3n de la transmisi\u00f3n electr\u00f3nica del manifiesto terrestre y de un Formulario \u00danico para veh\u00edculos particulares; el mejoramiento de los controles y coordinaci\u00f3n entre ambas Aduanas, adem\u00e1s del intercambio de informaci\u00f3n para el an\u00e1lisis de riesgo.<\/p>\n<p>Tambi\u00e9n se destinar\u00e1 una parte de la sesi\u00f3n de trabajo a revisar el funcionamiento de los cinco pasos fronterizos integrados que ambas naciones comparten, con el objetivo de maximizar los esfuerzos que ambos pa\u00edses realizan en materia aduanera para controlar el comercio exterior y el flujo de viajeros.<\/p>\n<p>Esta reuni\u00f3n est\u00e1 enmarcada en la creciente inserci\u00f3n internacional del Servicio Nacional de Aduanas de Chile, que actualmente detenta la Vicepresidencia de la Conferencia Regional de Directores Generales de Aduanas de las Am\u00e9ricas y el Caribe para el per\u00edodo 2016-2018.<br \/>\nhttp:\/\/lanacion.cl\/2017\/09\/26\/aduanas-de-chile-y-bolivia-se-reunen-para-analizar-temas-relativos-a-fronteras\/<br \/>\nFUENTE. LA NACION.CL<\/p>\n","protected":false},"excerpt":{"rendered":"<p>Un encuentro t\u00e9cnico bilateral para analizar temas relativos a comercio exterior, control en fronteras y otras materias comunes entre las Aduanas de Chile y Bolivia se inici\u00f3 hoy en el puerto de Valpara\u00edso como parte de los acuerdos adoptados, esto, en el marco del Comit\u00e9 de Fronteras realizado a fines de julio en Santa Cruz. [&hellip;]<\/p>\n","protected":false},"author":51,"featured_media":0,"comment_status":"open","ping_status":"open","sticky":false,"template":"","format":"standard","meta":{"footnotes":""},"categories":[1],"tags":[1630,93,1628],"class_list":["post-23634","post","type-post","status-publish","format-standard","hentry","category-uncategorized","tag-internacional","tag-pais","tag-uncategorized"],"_links":{"self":[{"href":"http:\/\/www.lanuevaopcion.cl\/index.php?rest_route=\/wp\/v2\/posts\/23634","targetHints":{"allow":["GET"]}}],"collection":[{"href":"http:\/\/www.lanuevaopcion.cl\/index.php?rest_route=\/wp\/v2\/posts"}],"about":[{"href":"http:\/\/www.lanuevaopcion.cl\/index.php?rest_route=\/wp\/v2\/types\/post"}],"author":[{"embeddable":true,"href":"http:\/\/www.lanuevaopcion.cl\/index.php?rest_route=\/wp\/v2\/users\/51"}],"replies":[{"embeddable":true,"href":"http:\/\/www.lanuevaopcion.cl\/index.php?rest_route=%2Fwp%2Fv2%2Fcomments&post=23634"}],"version-history":[{"count":1,"href":"http:\/\/www.lanuevaopcion.cl\/index.php?rest_route=\/wp\/v2\/posts\/23634\/revisions"}],"predecessor-version":[{"id":23635,"href":"http:\/\/www.lanuevaopcion.cl\/index.php?rest_route=\/wp\/v2\/posts\/23634\/revisions\/23635"}],"wp:attachment":[{"href":"http:\/\/www.lanuevaopcion.cl\/index.php?rest_route=%2Fwp%2Fv2%2Fmedia&parent=23634"}],"wp:term":[{"taxonomy":"category","embeddable":true,"href":"http:\/\/www.lanuevaopcion.cl\/index.php?rest_route=%2Fwp%2Fv2%2Fcategories&post=23634"},{"taxonomy":"post_tag","embeddable":true,"href":"http:\/\/www.lanuevaopcion.cl\/index.php?rest_route=%2Fwp%2Fv2%2Ftags&post=23634"}],"curies":[{"name":"wp","href":"https:\/\/api.w.org\/{rel}","templated":true}]}}