{"id":23632,"date":"2017-09-25T18:22:48","date_gmt":"2017-09-25T18:22:48","guid":{"rendered":"http:\/\/www.lanuevaopcion.cl\/?p=23632"},"modified":"2017-09-25T18:22:48","modified_gmt":"2017-09-25T18:22:48","slug":"humanistas-solicitan-al-gobierno-levantar-ley-antiterrorista-a-comuneros-en-huelga","status":"publish","type":"post","link":"http:\/\/www.lanuevaopcion.cl\/?p=23632","title":{"rendered":"HUMANISTAS SOLICITAN AL GOBIERNO LEVANTAR LEY ANTITERRORISTA A COMUNEROS EN HUELGA"},"content":{"rendered":"<p><img loading=\"lazy\" decoding=\"async\"  alt=\"\" src=\"http:\/\/media.lanacion.cl\/wp-content\/uploads\/2017\/09\/Aton_294433-324x160.jpg\" class=\"alignleft\" width=\"324\" height=\"160\" \/ class=\"alignleft\" style=\"margin-right:15px;margin-bottom:10px;float:left;\" ><br \/>\nDirigentes del Partido Humanista entregaron hoy una carta en La Moneda en la que solicitan al Gobierno el levantamiento de la Ley Antiterrorista aplicada a los cuatro comuneros mapuche en huelga de hambre hace m\u00e1s de 100 d\u00edas, en la Regi\u00f3n de La Araucan\u00eda.<\/p>\n<p>En la misiva, piden a la Presidenta Michelle Bachelet \u2013y por razones humanitarias- \u201crealizar todas las gestiones para levantar la aplicaci\u00f3n de la Ley Antiterrorista, antes del inminente deceso de los huelguistas\u201d, adem\u00e1s de \u201cun pronto y debido proceso de acuerdo con la ley civil o penal, seg\u00fan corresponda\u201d.<br \/>\n<!--more--><br \/>\nEl Partido Humanista sustenta su petici\u00f3n en \u201cla violaci\u00f3n de los tratados del Estado chileno en contra de la naci\u00f3n mapuche, el cuasi exterminio de su gente y la apropiaci\u00f3n indebida de sus tierras, a partir de la llamada \u2018Pacificaci\u00f3n de La Araucan\u00eda\u2019 desde 1860 en adelante, con el consecuente da\u00f1o moral, material, cultural y ancestral, que se se\u00f1ala en el \u2018Informe de la Comisi\u00f3n de Verdad Hist\u00f3rica y Nuevo Trato con los Pueblos Ind\u00edgenas\u2019 de octubre de 2008\u201d.<\/p>\n<p>\u201cQue el informe del relator especial del Alto Comisionado de Naciones Unidas, Ben Emmerson, sobre la promoci\u00f3n y protecci\u00f3n de los derechos humanos y las libertados fundamentales en la lucha contra el terrorismo \u2013misi\u00f3n a Chile 2014- recomend\u00f3 la no aplicaci\u00f3n de la Ley Antiterrorista en las regiones de La Araucan\u00eda y el Biob\u00edo\u201d, acotan.<\/p>\n<p>Los comuneros Alfredo Tralcal Coche y los hermanos Pablo, Benito y Ariel Trangol Galindo cumplen prisi\u00f3n preventiva imputados por el incendio de car\u00e1cter terrorista de una iglesia evang\u00e9lica en Padre Las Casas, y llevan unos 111 d\u00edas en ayuno, por lo que fueron trasladados al Hospital de Temuco.<\/p>\n<p>Ante esto, se\u00f1alan que los comuneros \u201cse encuentran en prisi\u00f3n preventiva por m\u00e1s de un a\u00f1o de acuerdo con la aplicaci\u00f3n de la Ley Antiterrorista y sin tener a la fecha evidencia concluyente de participaci\u00f3n en los delitos por los cuales se les acusa y que adem\u00e1s ellos se declaran inocentes\u201d.<\/p>\n<p>Finalmente, el PH afirma que el estado de salud de los comuneros mapuche \u201ces muy cr\u00edtico, de acuerdo a los \u00faltimos informes m\u00e9dicos\u201d.<br \/>\nhttp:\/\/lanacion.cl\/2017\/09\/25\/humanistas-solicitan-al-gobierno-levantar-ley-antiterrorista-a-comuneros-en-huelga\/<br \/>\nFUENTE. LA NACION.CL<\/p>\n","protected":false},"excerpt":{"rendered":"<p>Dirigentes del Partido Humanista entregaron hoy una carta en La Moneda en la que solicitan al Gobierno el levantamiento de la Ley Antiterrorista aplicada a los cuatro comuneros mapuche en huelga de hambre hace m\u00e1s de 100 d\u00edas, en la Regi\u00f3n de La Araucan\u00eda. En la misiva, piden a la Presidenta Michelle Bachelet \u2013y por [&hellip;]<\/p>\n","protected":false},"author":51,"featured_media":0,"comment_status":"open","ping_status":"open","sticky":false,"template":"","format":"standard","meta":{"footnotes":""},"categories":[1],"tags":[1635,93,1628],"class_list":["post-23632","post","type-post","status-publish","format-standard","hentry","category-uncategorized","tag-nacional","tag-pais","tag-uncategorized"],"_links":{"self":[{"href":"http:\/\/www.lanuevaopcion.cl\/index.php?rest_route=\/wp\/v2\/posts\/23632","targetHints":{"allow":["GET"]}}],"collection":[{"href":"http:\/\/www.lanuevaopcion.cl\/index.php?rest_route=\/wp\/v2\/posts"}],"about":[{"href":"http:\/\/www.lanuevaopcion.cl\/index.php?rest_route=\/wp\/v2\/types\/post"}],"author":[{"embeddable":true,"href":"http:\/\/www.lanuevaopcion.cl\/index.php?rest_route=\/wp\/v2\/users\/51"}],"replies":[{"embeddable":true,"href":"http:\/\/www.lanuevaopcion.cl\/index.php?rest_route=%2Fwp%2Fv2%2Fcomments&post=23632"}],"version-history":[{"count":1,"href":"http:\/\/www.lanuevaopcion.cl\/index.php?rest_route=\/wp\/v2\/posts\/23632\/revisions"}],"predecessor-version":[{"id":23633,"href":"http:\/\/www.lanuevaopcion.cl\/index.php?rest_route=\/wp\/v2\/posts\/23632\/revisions\/23633"}],"wp:attachment":[{"href":"http:\/\/www.lanuevaopcion.cl\/index.php?rest_route=%2Fwp%2Fv2%2Fmedia&parent=23632"}],"wp:term":[{"taxonomy":"category","embeddable":true,"href":"http:\/\/www.lanuevaopcion.cl\/index.php?rest_route=%2Fwp%2Fv2%2Fcategories&post=23632"},{"taxonomy":"post_tag","embeddable":true,"href":"http:\/\/www.lanuevaopcion.cl\/index.php?rest_route=%2Fwp%2Fv2%2Ftags&post=23632"}],"curies":[{"name":"wp","href":"https:\/\/api.w.org\/{rel}","templated":true}]}}