{"id":23627,"date":"2017-09-21T19:13:59","date_gmt":"2017-09-21T19:13:59","guid":{"rendered":"http:\/\/www.lanuevaopcion.cl\/?p=23627"},"modified":"2017-09-21T19:13:59","modified_gmt":"2017-09-21T19:13:59","slug":"camara-de-diputados-aprobo-nuevo-feriado-para-el-2-de-octubre","status":"publish","type":"post","link":"http:\/\/www.lanuevaopcion.cl\/?p=23627","title":{"rendered":"C\u00c1MARA DE DIPUTADOS APROB\u00d3 NUEVO FERIADO PARA EL 2 DE OCTUBRE"},"content":{"rendered":"<p><img loading=\"lazy\" decoding=\"async\"  alt=\"\" src=\"http:\/\/media.lanacion.cl\/wp-content\/uploads\/2017\/09\/c%C3%A1mara-324x160.jpg\" class=\"alignleft\" width=\"324\" height=\"160\" \/ class=\"alignleft\" style=\"margin-right:15px;margin-bottom:10px;float:left;\" ><br \/>\nLa C\u00e1mara de Diputados aprob\u00f3 y dej\u00f3 listo para su promulgaci\u00f3n el proyecto de ley que declara el 2 de octubre como feriado para toda la Regi\u00f3n de Los R\u00edos, pero s\u00f3lo este a\u00f1o, en conmemoraci\u00f3n a la fecha que signific\u00f3 convertirse en regi\u00f3n independiente, sentida demanda popular que se extendi\u00f3 por cerca de 30 a\u00f1os. <\/p>\n<p>El vicepresidente de la C\u00e1mara, Enrique Jaramillo, record\u00f3 precisamente que \u201ctreinta a\u00f1os pasaron para este importante logro y para que el Gobierno de ese entonces depusiera su actitud de no querer una nueva regi\u00f3n que hoy es orgullo y ejemplo para el pa\u00eds, es por este motivo que un grupo de parlamentarios presentamos este proyecto\u201d.<br \/>\n<!--more--><br \/>\n\u201cSiempre fuimos los parientes pobres en el presupuesto para la Regi\u00f3n de Los Lagos, pero despu\u00e9s de 30 a\u00f1os de lucha, hemos ascendido los medios econ\u00f3micos correspondiente al presupuesto al doble y m\u00e1s, de unos 7.000 a 8.000 millones a m\u00e1s de 20 mil millones\u201d, a\u00f1adi\u00f3.<\/p>\n<p>El proyecto, que en su inicio establec\u00eda todos los 2 de octubre como feriado regional para Los R\u00edos, por modificaciones en el Senado solo se estableci\u00f3 para el presente a\u00f1o, pero Jaramillo comprometi\u00f3 su esfuerzo para revertir esta situaci\u00f3n a futuro para que sea festividad permanente.<br \/>\nhttp:\/\/lanacion.cl\/2017\/09\/21\/camara-de-diputados-aprobo-nuevo-feriado-para-el-2-de-octubre\/<br \/>\nFUENTE. LA NACION.CL<\/p>\n","protected":false},"excerpt":{"rendered":"<p>La C\u00e1mara de Diputados aprob\u00f3 y dej\u00f3 listo para su promulgaci\u00f3n el proyecto de ley que declara el 2 de octubre como feriado para toda la Regi\u00f3n de Los R\u00edos, pero s\u00f3lo este a\u00f1o, en conmemoraci\u00f3n a la fecha que signific\u00f3 convertirse en regi\u00f3n independiente, sentida demanda popular que se extendi\u00f3 por cerca de 30 [&hellip;]<\/p>\n","protected":false},"author":51,"featured_media":0,"comment_status":"open","ping_status":"open","sticky":false,"template":"","format":"standard","meta":{"footnotes":""},"categories":[1],"tags":[1635,93,36],"class_list":["post-23627","post","type-post","status-publish","format-standard","hentry","category-uncategorized","tag-nacional","tag-pais","tag-religion"],"_links":{"self":[{"href":"http:\/\/www.lanuevaopcion.cl\/index.php?rest_route=\/wp\/v2\/posts\/23627","targetHints":{"allow":["GET"]}}],"collection":[{"href":"http:\/\/www.lanuevaopcion.cl\/index.php?rest_route=\/wp\/v2\/posts"}],"about":[{"href":"http:\/\/www.lanuevaopcion.cl\/index.php?rest_route=\/wp\/v2\/types\/post"}],"author":[{"embeddable":true,"href":"http:\/\/www.lanuevaopcion.cl\/index.php?rest_route=\/wp\/v2\/users\/51"}],"replies":[{"embeddable":true,"href":"http:\/\/www.lanuevaopcion.cl\/index.php?rest_route=%2Fwp%2Fv2%2Fcomments&post=23627"}],"version-history":[{"count":1,"href":"http:\/\/www.lanuevaopcion.cl\/index.php?rest_route=\/wp\/v2\/posts\/23627\/revisions"}],"predecessor-version":[{"id":23628,"href":"http:\/\/www.lanuevaopcion.cl\/index.php?rest_route=\/wp\/v2\/posts\/23627\/revisions\/23628"}],"wp:attachment":[{"href":"http:\/\/www.lanuevaopcion.cl\/index.php?rest_route=%2Fwp%2Fv2%2Fmedia&parent=23627"}],"wp:term":[{"taxonomy":"category","embeddable":true,"href":"http:\/\/www.lanuevaopcion.cl\/index.php?rest_route=%2Fwp%2Fv2%2Fcategories&post=23627"},{"taxonomy":"post_tag","embeddable":true,"href":"http:\/\/www.lanuevaopcion.cl\/index.php?rest_route=%2Fwp%2Fv2%2Ftags&post=23627"}],"curies":[{"name":"wp","href":"https:\/\/api.w.org\/{rel}","templated":true}]}}