{"id":23621,"date":"2017-09-15T15:12:55","date_gmt":"2017-09-15T15:12:55","guid":{"rendered":"http:\/\/www.lanuevaopcion.cl\/?p=23621"},"modified":"2017-09-15T15:12:55","modified_gmt":"2017-09-15T15:12:55","slug":"con-payas-y-pie-de-cueca-se-inauguro-fonda-oficial-en-parque-o%e2%80%99higgins","status":"publish","type":"post","link":"http:\/\/www.lanuevaopcion.cl\/?p=23621","title":{"rendered":"CON PAYAS Y PIE DE CUECA SE INAUGUR\u00d3 FONDA OFICIAL EN PARQUE O\u2019HIGGINS"},"content":{"rendered":"<p><img loading=\"lazy\" decoding=\"async\"  alt=\"\" src=\"http:\/\/media.lanacion.cl\/wp-content\/uploads\/2017\/09\/A_UNO_840723-324x160.jpg\" class=\"alignleft\" width=\"324\" height=\"160\" \/ class=\"alignleft\" style=\"margin-right:15px;margin-bottom:10px;float:left;\" ><br \/>\nLa Presidenta Michelle Bachelet inaugur\u00f3 el jueves con payas y bailando el primer pie de cueca la fonda oficial del Parque O\u2019Higgins, hecho que da el puntapi\u00e9 inicial a las celebraciones de Fiestas Patrias 2017.<\/p>\n<p>En su discurso la Mandataria se\u00f1al\u00f3 que \u201choy celebramos a Chile mismo, nuestra historia, nuestro temple, el pueblo que hemos sido en nuestra historia\u201d.<br \/>\n<!--more--><br \/>\nPosteriormente, la Mandataria sac\u00f3 aplausos al realizar diversas payas dieciocheras en relaci\u00f3n con los logros de su gobierno, la selecci\u00f3n nacional y a celebrar la fiesta nacional.<\/p>\n<p>\u201cPara que seamos todos iguales a la hora de decidir, y pa\u2019 cantar ceache\u00ed hay 17 millones, chita que somos montones bien censados en abril\u201c, afirm\u00f3 la Jefa de Estado sacando aplausos de los asistentes.<\/p>\n<p>\u201cSin apuro, brindo bien alta la frente, un Chile m\u00e1s transparente, paso firme hacia el futuro. M\u00e1s solidario y seguro, que acepta diversidad con salud y m\u00e1s probidad. Es el que hoy d\u00eda tenemos, que todos m\u00e1s juntos crecemos cuando crece la equidad. \u00a1Viva Chile!\u201d, afirm\u00f3 la jefa de Estado.<\/p>\n<p>Posteriormente, junto al anfitri\u00f3n de la noche, el acalde de Santiago Felipe Alessandri, la Presidenta bail\u00f3 el primer pie de cueca al ritmo de la canci\u00f3n \u201cLa Violeta y la Parra\u201d.<br \/>\nhttp:\/\/lanacion.cl\/2017\/09\/15\/con-payas-y-pie-de-cueca-se-inauguro-fonda-oficial-en-parque-ohiggins\/<br \/>\nFUENTE. LA NACION.CL<\/p>\n","protected":false},"excerpt":{"rendered":"<p>La Presidenta Michelle Bachelet inaugur\u00f3 el jueves con payas y bailando el primer pie de cueca la fonda oficial del Parque O\u2019Higgins, hecho que da el puntapi\u00e9 inicial a las celebraciones de Fiestas Patrias 2017. En su discurso la Mandataria se\u00f1al\u00f3 que \u201choy celebramos a Chile mismo, nuestra historia, nuestro temple, el pueblo que hemos [&hellip;]<\/p>\n","protected":false},"author":51,"featured_media":0,"comment_status":"open","ping_status":"open","sticky":false,"template":"","format":"standard","meta":{"footnotes":""},"categories":[1],"tags":[139,1635,93],"class_list":["post-23621","post","type-post","status-publish","format-standard","hentry","category-uncategorized","tag-fiestas-patrias","tag-nacional","tag-pais"],"_links":{"self":[{"href":"http:\/\/www.lanuevaopcion.cl\/index.php?rest_route=\/wp\/v2\/posts\/23621","targetHints":{"allow":["GET"]}}],"collection":[{"href":"http:\/\/www.lanuevaopcion.cl\/index.php?rest_route=\/wp\/v2\/posts"}],"about":[{"href":"http:\/\/www.lanuevaopcion.cl\/index.php?rest_route=\/wp\/v2\/types\/post"}],"author":[{"embeddable":true,"href":"http:\/\/www.lanuevaopcion.cl\/index.php?rest_route=\/wp\/v2\/users\/51"}],"replies":[{"embeddable":true,"href":"http:\/\/www.lanuevaopcion.cl\/index.php?rest_route=%2Fwp%2Fv2%2Fcomments&post=23621"}],"version-history":[{"count":1,"href":"http:\/\/www.lanuevaopcion.cl\/index.php?rest_route=\/wp\/v2\/posts\/23621\/revisions"}],"predecessor-version":[{"id":23622,"href":"http:\/\/www.lanuevaopcion.cl\/index.php?rest_route=\/wp\/v2\/posts\/23621\/revisions\/23622"}],"wp:attachment":[{"href":"http:\/\/www.lanuevaopcion.cl\/index.php?rest_route=%2Fwp%2Fv2%2Fmedia&parent=23621"}],"wp:term":[{"taxonomy":"category","embeddable":true,"href":"http:\/\/www.lanuevaopcion.cl\/index.php?rest_route=%2Fwp%2Fv2%2Fcategories&post=23621"},{"taxonomy":"post_tag","embeddable":true,"href":"http:\/\/www.lanuevaopcion.cl\/index.php?rest_route=%2Fwp%2Fv2%2Ftags&post=23621"}],"curies":[{"name":"wp","href":"https:\/\/api.w.org\/{rel}","templated":true}]}}