{"id":23617,"date":"2017-09-13T22:44:39","date_gmt":"2017-09-13T22:44:39","guid":{"rendered":"http:\/\/www.lanuevaopcion.cl\/?p=23617"},"modified":"2017-09-13T22:44:39","modified_gmt":"2017-09-13T22:44:39","slug":"kast-por-hijos-producto-de-violacion-%e2%80%9cese-nino-termino-parando-un-abuso-permanente%e2%80%9d","status":"publish","type":"post","link":"http:\/\/www.lanuevaopcion.cl\/?p=23617","title":{"rendered":"KAST POR HIJOS PRODUCTO DE VIOLACI\u00d3N: \u201cESE NI\u00d1O TERMIN\u00d3 PARANDO UN ABUSO PERMANENTE\u201d"},"content":{"rendered":"<p><img loading=\"lazy\" decoding=\"async\"  alt=\"\" src=\"http:\/\/media.lanacion.cl\/wp-content\/uploads\/2017\/07\/jose-antonio-kast-agencia-uno-324x235.jpg\" class=\"alignleft\" width=\"324\" height=\"235\" \/ class=\"alignleft\" style=\"margin-right:15px;margin-bottom:10px;float:left;\" ><br \/>\nEl diputado independiente y candidato presidencial, Jos\u00e9 Antonio Kast, se refiri\u00f3, a la fotograf\u00eda en la que aparece junto a dos mujeres y en la que una de ellas sostiene una pancarta que dice \u201cconcebida en violaci\u00f3n. Amo mi vida\u201d, mientras la otra levanta un afiche con la leyenda \u201cMadre de dos angelitos, uno por violaci\u00f3n\u201d.<\/p>\n<p>Seg\u00fan explic\u00f3 Kast, \u201cRebeca es una mujer que su madre fue violada y quer\u00eda optar por el aborto, pero no lo hizo, as\u00ed que dio a Rebeca en adopci\u00f3n\u201c, dijo el candidato independiente, quien aprovech\u00f3 de explicar que la otra mujer, llamada Diana Contreras, fue violada a los 15 a\u00f1os y ahora tiene una fundaci\u00f3n que defiende y protege a mujeres v\u00edctimas.<br \/>\n<!--more--><br \/>\nEn entrevista con radio Oasis, Jos\u00e9 Antonio Kast tambi\u00e9n sostuvo que \u201csoy partidario de la vida desde la concepci\u00f3n\u201d y adem\u00e1s sostuvo que \u201cen algunos casos ese ni\u00f1o fruto de la violaci\u00f3n, termin\u00f3 parando un abuso permanente\u201c.<\/p>\n<p>Por otro lado, el parlamentario mantuvo su propuesta de eliminar la estatua del ex Presidente Salvador Allende, emplazada en las afueras de La Moneda.<\/p>\n<p>\u201cLas estatuas de presidentes contempor\u00e1neos llaman a la divisi\u00f3n y Allende donde est\u00e1 genera debate, por eso ser\u00eda bueno sacarlo\u201d.<br \/>\nhttp:\/\/lanacion.cl\/2017\/09\/13\/kast-por-hijos-producto-de-violacion-ese-nino-termino-parando-un-abuso-permanente\/<br \/>\nFUENTE. LA NACION.CL<\/p>\n","protected":false},"excerpt":{"rendered":"<p>El diputado independiente y candidato presidencial, Jos\u00e9 Antonio Kast, se refiri\u00f3, a la fotograf\u00eda en la que aparece junto a dos mujeres y en la que una de ellas sostiene una pancarta que dice \u201cconcebida en violaci\u00f3n. Amo mi vida\u201d, mientras la otra levanta un afiche con la leyenda \u201cMadre de dos angelitos, uno por [&hellip;]<\/p>\n","protected":false},"author":51,"featured_media":0,"comment_status":"open","ping_status":"open","sticky":false,"template":"","format":"standard","meta":{"footnotes":""},"categories":[1],"tags":[1635,93,1628],"class_list":["post-23617","post","type-post","status-publish","format-standard","hentry","category-uncategorized","tag-nacional","tag-pais","tag-uncategorized"],"_links":{"self":[{"href":"http:\/\/www.lanuevaopcion.cl\/index.php?rest_route=\/wp\/v2\/posts\/23617","targetHints":{"allow":["GET"]}}],"collection":[{"href":"http:\/\/www.lanuevaopcion.cl\/index.php?rest_route=\/wp\/v2\/posts"}],"about":[{"href":"http:\/\/www.lanuevaopcion.cl\/index.php?rest_route=\/wp\/v2\/types\/post"}],"author":[{"embeddable":true,"href":"http:\/\/www.lanuevaopcion.cl\/index.php?rest_route=\/wp\/v2\/users\/51"}],"replies":[{"embeddable":true,"href":"http:\/\/www.lanuevaopcion.cl\/index.php?rest_route=%2Fwp%2Fv2%2Fcomments&post=23617"}],"version-history":[{"count":1,"href":"http:\/\/www.lanuevaopcion.cl\/index.php?rest_route=\/wp\/v2\/posts\/23617\/revisions"}],"predecessor-version":[{"id":23618,"href":"http:\/\/www.lanuevaopcion.cl\/index.php?rest_route=\/wp\/v2\/posts\/23617\/revisions\/23618"}],"wp:attachment":[{"href":"http:\/\/www.lanuevaopcion.cl\/index.php?rest_route=%2Fwp%2Fv2%2Fmedia&parent=23617"}],"wp:term":[{"taxonomy":"category","embeddable":true,"href":"http:\/\/www.lanuevaopcion.cl\/index.php?rest_route=%2Fwp%2Fv2%2Fcategories&post=23617"},{"taxonomy":"post_tag","embeddable":true,"href":"http:\/\/www.lanuevaopcion.cl\/index.php?rest_route=%2Fwp%2Fv2%2Ftags&post=23617"}],"curies":[{"name":"wp","href":"https:\/\/api.w.org\/{rel}","templated":true}]}}