{"id":23615,"date":"2017-09-12T16:51:56","date_gmt":"2017-09-12T16:51:56","guid":{"rendered":"http:\/\/www.lanuevaopcion.cl\/?p=23615"},"modified":"2017-09-12T16:51:56","modified_gmt":"2017-09-12T16:51:56","slug":"orrego-%e2%80%9ceste-ha-sido-el-11-de-septiembre-con-menos-disturbios-en-4-anos%e2%80%9d","status":"publish","type":"post","link":"http:\/\/www.lanuevaopcion.cl\/?p=23615","title":{"rendered":"ORREGO: \u201cESTE HA SIDO EL 11 DE SEPTIEMBRE CON MENOS DISTURBIOS EN 4 A\u00d1OS\u201d"},"content":{"rendered":"<p><img loading=\"lazy\" decoding=\"async\"  alt=\"\" src=\"http:\/\/media.lanacion.cl\/wp-content\/uploads\/2017\/09\/Aton_2894331-324x160.jpg\" class=\"alignleft\" width=\"324\" height=\"160\" \/ class=\"alignleft\" style=\"margin-right:15px;margin-bottom:10px;float:left;\" ><br \/>\nEl intendente metropolitano, Claudio Orrego, realiz\u00f3 un balance en relaci\u00f3n a los hechos ocurridos la noche del 11 de septiembre, en medio de las conmemoraciones por los 44 a\u00f1os del golpe militar.<\/p>\n<p>La autoridad regional detall\u00f3 que cuatro veh\u00edculos y un bus del Transantiago fueron quemados por la acci\u00f3n de manifestantes, resultando adem\u00e1s 83 detenidos y dos carabineros heridos.<br \/>\n<!--more--><br \/>\nAsimismo, se produjeron fogatas y barricadas en distintos lugares de la capital y cortes de luz en las comunas de Huechuraba y Pe\u00f1alol\u00e9n.<\/p>\n<p>En conversaci\u00f3n radio ADN, Orrego manifest\u00f3 que \u201cdesde el punto de vista de la duraci\u00f3n de los incidentes, de la cantidad, del n\u00famero de lesionados y heridos, este ha sido el 11 de septiembre con menos disturbios de los \u00faltimos cuatro a\u00f1os\u201d.<\/p>\n<p>No obstante, acot\u00f3 el intendente metropolitano, \u201ccondenamos los hechos de violencia y los da\u00f1os que mencionamos\u201c.<br \/>\nhttp:\/\/lanacion.cl\/2017\/09\/12\/orrego-este-ha-sido-el-11-de-septiembre-con-menos-disturbios-en-4-anos\/<br \/>\nFUENTE. LA NACION.CL<\/p>\n","protected":false},"excerpt":{"rendered":"<p>El intendente metropolitano, Claudio Orrego, realiz\u00f3 un balance en relaci\u00f3n a los hechos ocurridos la noche del 11 de septiembre, en medio de las conmemoraciones por los 44 a\u00f1os del golpe militar. La autoridad regional detall\u00f3 que cuatro veh\u00edculos y un bus del Transantiago fueron quemados por la acci\u00f3n de manifestantes, resultando adem\u00e1s 83 detenidos [&hellip;]<\/p>\n","protected":false},"author":51,"featured_media":0,"comment_status":"open","ping_status":"open","sticky":false,"template":"","format":"standard","meta":{"footnotes":""},"categories":[1],"tags":[1635,93],"class_list":["post-23615","post","type-post","status-publish","format-standard","hentry","category-uncategorized","tag-nacional","tag-pais"],"_links":{"self":[{"href":"http:\/\/www.lanuevaopcion.cl\/index.php?rest_route=\/wp\/v2\/posts\/23615","targetHints":{"allow":["GET"]}}],"collection":[{"href":"http:\/\/www.lanuevaopcion.cl\/index.php?rest_route=\/wp\/v2\/posts"}],"about":[{"href":"http:\/\/www.lanuevaopcion.cl\/index.php?rest_route=\/wp\/v2\/types\/post"}],"author":[{"embeddable":true,"href":"http:\/\/www.lanuevaopcion.cl\/index.php?rest_route=\/wp\/v2\/users\/51"}],"replies":[{"embeddable":true,"href":"http:\/\/www.lanuevaopcion.cl\/index.php?rest_route=%2Fwp%2Fv2%2Fcomments&post=23615"}],"version-history":[{"count":1,"href":"http:\/\/www.lanuevaopcion.cl\/index.php?rest_route=\/wp\/v2\/posts\/23615\/revisions"}],"predecessor-version":[{"id":23616,"href":"http:\/\/www.lanuevaopcion.cl\/index.php?rest_route=\/wp\/v2\/posts\/23615\/revisions\/23616"}],"wp:attachment":[{"href":"http:\/\/www.lanuevaopcion.cl\/index.php?rest_route=%2Fwp%2Fv2%2Fmedia&parent=23615"}],"wp:term":[{"taxonomy":"category","embeddable":true,"href":"http:\/\/www.lanuevaopcion.cl\/index.php?rest_route=%2Fwp%2Fv2%2Fcategories&post=23615"},{"taxonomy":"post_tag","embeddable":true,"href":"http:\/\/www.lanuevaopcion.cl\/index.php?rest_route=%2Fwp%2Fv2%2Ftags&post=23615"}],"curies":[{"name":"wp","href":"https:\/\/api.w.org\/{rel}","templated":true}]}}