{"id":23610,"date":"2017-09-11T17:36:49","date_gmt":"2017-09-11T17:36:49","guid":{"rendered":"http:\/\/www.lanuevaopcion.cl\/?p=23610"},"modified":"2017-09-11T17:36:49","modified_gmt":"2017-09-11T17:36:49","slug":"grupo-onu-sobre-desapariciones-preocupacion-por-demoras-legislativas-en-chile","status":"publish","type":"post","link":"http:\/\/www.lanuevaopcion.cl\/?p=23610","title":{"rendered":"GRUPO ONU SOBRE DESAPARICIONES: PREOCUPACI\u00d3N POR DEMORAS LEGISLATIVAS EN CHILE"},"content":{"rendered":"<p><img loading=\"lazy\" decoding=\"async\"  alt=\"\" src=\"http:\/\/media.lanacion.cl\/wp-content\/uploads\/2017\/09\/detenidos-desaparecidos-agencia-uno-324x160.jpg\" class=\"alignleft\" width=\"324\" height=\"160\" \/ class=\"alignleft\" style=\"margin-right:15px;margin-bottom:10px;float:left;\" ><br \/>\nEl Grupo de Trabajo de la ONU sobre desapariciones forzadas manifest\u00f3 su preocupaci\u00f3n por la falta de avances legislativos concretos en Chile para tipificar la desaparici\u00f3n forzada como un delito aut\u00f3nomo en el C\u00f3digo Penal, pese a tratarse de un proyecto de ley presentado a finales de 2014.<\/p>\n<p>As\u00ed lo se\u00f1ala en un informe que present\u00f3 este lunes al Consejo de Derechos Humanos y en el que pide al Gobierno chileno tomar las medidas necesarias para impulsar esa iniciativa legislativa.<br \/>\n<!--more--><br \/>\nTambi\u00e9n en el terreno legislativo, la instancia de la ONU apoya los proyectos de ley para garantizar que los cr\u00edmenes de guerra y de lesa humanidad no prescriben, y pidi\u00f3 a las autoridades que promuevan su r\u00e1pida aprobaci\u00f3n.<\/p>\n<p>El informe, que contiene informaci\u00f3n general sobre el delito de desaparici\u00f3n forzada en el mundo, as\u00ed como cap\u00edtulos espec\u00edficos de visitas oficiales del Grupo de Trabajo a Albania, Chile y Espa\u00f1a, lamenta \u201cla falta de avances en el proceso legislativo que anular\u00eda el Decreto Ley de Amnist\u00eda, tambi\u00e9n pendiente en su primer tr\u00e1mite constitucional desde 2014\u201d.<\/p>\n<p>Reconoce que el Poder Judicial dej\u00f3 claro la inaplicabilidad de la Ley de Amnist\u00eda, pero recalca que el solo hecho de que siga vigente es contrario a los est\u00e1ndares internacionales de derechos humanos.<\/p>\n<p>A su vez, el Grupo de Trabajo -que act\u00faa como canal de comunicaci\u00f3n entre las familias y los gobiernos, a los que pide informaci\u00f3n sobre casos individuales- destaca la iniciativa de la Subsecretar\u00eda de Derechos Humanos para el acompa\u00f1amiento de familiares de v\u00edctimas, pero insiste en \u201cla urgencia de publicitar la existencia\u201d de este tipo de mecanismos.<\/p>\n<p>En otro pasaje de su informe, los expertos de la ONU recalcan la necesidad de que las autoridades de Chile, al m\u00e1s alto nivel, muestren p\u00fablicamente el compromiso del Estado con la memoria y los derechos humanos.<\/p>\n<p>Una de las acciones concretas que plantean es que visiten los sitios de memoria.<\/p>\n<p>Igualmente, exhorta al gobierno a redoblar esfuerzos hacia la sensibilizaci\u00f3n de la poblaci\u00f3n, sobre todo de las generaciones m\u00e1s j\u00f3venes, en relaci\u00f3n a las violaciones de los derechos humanos durante la dictadura.<br \/>\nhttp:\/\/lanacion.cl\/2017\/09\/11\/grupo-onu-sobre-desapariciones-preocupacion-por-demoras-legislativas-en-chile\/<br \/>\nFUENTE. LA NACION.CL<\/p>\n","protected":false},"excerpt":{"rendered":"<p>El Grupo de Trabajo de la ONU sobre desapariciones forzadas manifest\u00f3 su preocupaci\u00f3n por la falta de avances legislativos concretos en Chile para tipificar la desaparici\u00f3n forzada como un delito aut\u00f3nomo en el C\u00f3digo Penal, pese a tratarse de un proyecto de ley presentado a finales de 2014. As\u00ed lo se\u00f1ala en un informe que [&hellip;]<\/p>\n","protected":false},"author":51,"featured_media":0,"comment_status":"open","ping_status":"open","sticky":false,"template":"","format":"standard","meta":{"footnotes":""},"categories":[1],"tags":[1630,1635,80,93],"class_list":["post-23610","post","type-post","status-publish","format-standard","hentry","category-uncategorized","tag-internacional","tag-nacional","tag-onu","tag-pais"],"_links":{"self":[{"href":"http:\/\/www.lanuevaopcion.cl\/index.php?rest_route=\/wp\/v2\/posts\/23610","targetHints":{"allow":["GET"]}}],"collection":[{"href":"http:\/\/www.lanuevaopcion.cl\/index.php?rest_route=\/wp\/v2\/posts"}],"about":[{"href":"http:\/\/www.lanuevaopcion.cl\/index.php?rest_route=\/wp\/v2\/types\/post"}],"author":[{"embeddable":true,"href":"http:\/\/www.lanuevaopcion.cl\/index.php?rest_route=\/wp\/v2\/users\/51"}],"replies":[{"embeddable":true,"href":"http:\/\/www.lanuevaopcion.cl\/index.php?rest_route=%2Fwp%2Fv2%2Fcomments&post=23610"}],"version-history":[{"count":1,"href":"http:\/\/www.lanuevaopcion.cl\/index.php?rest_route=\/wp\/v2\/posts\/23610\/revisions"}],"predecessor-version":[{"id":23611,"href":"http:\/\/www.lanuevaopcion.cl\/index.php?rest_route=\/wp\/v2\/posts\/23610\/revisions\/23611"}],"wp:attachment":[{"href":"http:\/\/www.lanuevaopcion.cl\/index.php?rest_route=%2Fwp%2Fv2%2Fmedia&parent=23610"}],"wp:term":[{"taxonomy":"category","embeddable":true,"href":"http:\/\/www.lanuevaopcion.cl\/index.php?rest_route=%2Fwp%2Fv2%2Fcategories&post=23610"},{"taxonomy":"post_tag","embeddable":true,"href":"http:\/\/www.lanuevaopcion.cl\/index.php?rest_route=%2Fwp%2Fv2%2Ftags&post=23610"}],"curies":[{"name":"wp","href":"https:\/\/api.w.org\/{rel}","templated":true}]}}