{"id":23604,"date":"2017-09-07T13:55:00","date_gmt":"2017-09-07T13:55:00","guid":{"rendered":"http:\/\/www.lanuevaopcion.cl\/?p=23604"},"modified":"2017-09-07T13:55:00","modified_gmt":"2017-09-07T13:55:00","slug":"periodistas-cuentan-como-fue-su-11-de-septiembre-en-ameno-libro","status":"publish","type":"post","link":"http:\/\/www.lanuevaopcion.cl\/?p=23604","title":{"rendered":"PERIODISTAS CUENTAN C\u00d3MO FUE SU 11 DE SEPTIEMBRE EN AMENO LIBRO"},"content":{"rendered":"<p><img loading=\"lazy\" decoding=\"async\"  alt=\"\" src=\"http:\/\/media.lanacion.cl\/wp-content\/uploads\/2017\/09\/1-ok-324x160.jpg\" class=\"alignleft\" width=\"324\" height=\"160\" \/ class=\"alignleft\" style=\"margin-right:15px;margin-bottom:10px;float:left;\" ><br \/>\n\u201cMi 11 de septiembre, 24 periodistas relatan su vivencia\u201d, es el libro que ad portas de conmemorarse los 44 a\u00f1os de la intervenci\u00f3n militar que derroc\u00f3 el gobierno del extinto Salvador Allende, publicaron profesionales de las comunicaciones que en primera persona y en sus puestos de trabajo relatan los hechos que se sucedieron a contar de esa fecha.<br \/>\n<!--more--><br \/>\nEl libro, editado por Leonardo C\u00e1ceres, nace de la iniciativa de un grupo de amigos, todos periodistas, m\u00e1s un abogado, que se re\u00fanen a conversar e intercambiar puntos de vista y que est\u00e1 inspirado en las conversaciones de esas reuniones.<\/p>\n<p>La idea es de Sergio Campos, Premio Nacional de Periodismo 2011 y locutor y conductor de radio Cooperativa, quien escribi\u00f3 sus experiencias sobre el Golpe de Estado e invit\u00f3 a sus camaradas de profesi\u00f3n e integrantes.<\/p>\n<p>\u201cLa mesa de don Camilo\u201d -en homenaje a Camilo Henr\u00edquez- es el nombre con que se bautiz\u00f3 este grupo de tertulia que se re\u00fane una vez al mes a comentar y debatir temas de actualidad, instancia en la que Campos, quien narr\u00f3 in situ el Golpe desde Radio Corporaci\u00f3n en 1973, escribi\u00f3 sus recuerdos del 11 de septiembre y los hizo circular entre los miembros del grupo.<\/p>\n<p>Luego replic\u00f3 esa acci\u00f3n Erasmo L\u00f3pez y surgi\u00f3 la idea de contar \u201cel once\u201d de los primeros once integrantes de la mesa (hoy ya son trece miembros), sumando a tantos m\u00e1s que tambi\u00e9n vivieron desde tribunas distintas la experiencia.<\/p>\n<p>El texto fue presentado esta semana por la Presidenta Michelle Bachelet, quien escribi\u00f3 el pr\u00f3logo del libro y sostuvo que \u201cpodemos leer aqu\u00ed, de primera mano y en detalle, sobre el papel que cumplieron las radioemisoras \u2013Corporaci\u00f3n, Magallanes, Nacional, Sargento Candelaria, entre otras\u2013, la labor de periodistas y t\u00e9cnicos que sacaron al aire los \u00faltimos mensajes del Presidente Salvador Allende, pero adem\u00e1s se ocuparon de salvar el registro de su \u00faltimo discurso. Alguna de esas historias las conoc\u00edamos, pero leerlas en primera persona conmueve y estremece\u201d.<\/p>\n<p>A\u00f1adi\u00f3 que \u201cnarrar la peque\u00f1a historia de la jornada del Golpe de Estado, invitar a un conjunto de colegas a sumarse a este esfuerzo, y construir de alg\u00fan modo un relato coral desde la vivencia sin adjetivos, sin grandes ambiciones, nos ayuda a entender mejor el estado de \u00e1nimo, la temperatura pol\u00edtica de esos d\u00edas\u201d.<\/p>\n<p>En este sentido manifest\u00f3 que \u201cnos ayuda a rememorar la manera en que todos sab\u00edamos que el Golpe se acercaba, aunque muchos a\u00f1os despu\u00e9s entender\u00edamos que acabar con la democracia chilena era, quiz\u00e1s, una decisi\u00f3n tomada desde el momento mismo en que el Congreso ratific\u00f3 \u2013como se hac\u00eda entonces\u2013 la elecci\u00f3n de Salvador Allende Gossens\u201d.<\/p>\n<p>Subray\u00f3 que \u201cnecesitamos conocer y reconocernos en esas historias para que el Nunca M\u00e1s sea una fuerza viva y operante en nuestra convivencia cotidiana. Necesitamos testimonios como los que conforman este libro, porque nos ayudan a comprendernos mejor y a avanzar en el camino de la verdad, la justicia y la reparaci\u00f3n\u201d.<br \/>\n\u201cMi 11 de septiembre, 24 periodistas relatan su vivencia\u201d, es el libro que ad portas de conmemorarse los 44 a\u00f1os de la intervenci\u00f3n militar que derroc\u00f3 el gobierno del extinto Salvador Allende, publicaron profesionales de las comunicaciones que en primera persona y en sus puestos de trabajo relatan los hechos que se sucedieron a contar de esa fecha.<\/p>\n<p>El libro, editado por Leonardo C\u00e1ceres, nace de la iniciativa de un grupo de amigos, todos periodistas, m\u00e1s un abogado, que se re\u00fanen a conversar e intercambiar puntos de vista y que est\u00e1 inspirado en las conversaciones de esas reuniones.<\/p>\n<p>La idea es de Sergio Campos, Premio Nacional de Periodismo 2011 y locutor y conductor de radio Cooperativa, quien escribi\u00f3 sus experiencias sobre el Golpe de Estado e invit\u00f3 a sus camaradas de profesi\u00f3n e integrantes.<\/p>\n<p>\u201cLa mesa de don Camilo\u201d -en homenaje a Camilo Henr\u00edquez- es el nombre con que se bautiz\u00f3 este grupo de tertulia que se re\u00fane una vez al mes a comentar y debatir temas de actualidad, instancia en la que Campos, quien narr\u00f3 in situ el Golpe desde Radio Corporaci\u00f3n en 1973, escribi\u00f3 sus recuerdos del 11 de septiembre y los hizo circular entre los miembros del grupo.<\/p>\n<p>Luego replic\u00f3 esa acci\u00f3n Erasmo L\u00f3pez y surgi\u00f3 la idea de contar \u201cel once\u201d de los primeros once integrantes de la mesa (hoy ya son trece miembros), sumando a tantos m\u00e1s que tambi\u00e9n vivieron desde tribunas distintas la experiencia.<\/p>\n<p>El texto fue presentado esta semana por la Presidenta Michelle Bachelet, quien escribi\u00f3 el pr\u00f3logo del libro y sostuvo que \u201cpodemos leer aqu\u00ed, de primera mano y en detalle, sobre el papel que cumplieron las radioemisoras \u2013Corporaci\u00f3n, Magallanes, Nacional, Sargento Candelaria, entre otras\u2013, la labor de periodistas y t\u00e9cnicos que sacaron al aire los \u00faltimos mensajes del Presidente Salvador Allende, pero adem\u00e1s se ocuparon de salvar el registro de su \u00faltimo discurso. Alguna de esas historias las conoc\u00edamos, pero leerlas en primera persona conmueve y estremece\u201d.<\/p>\n<p>A\u00f1adi\u00f3 que \u201cnarrar la peque\u00f1a historia de la jornada del Golpe de Estado, invitar a un conjunto de colegas a sumarse a este esfuerzo, y construir de alg\u00fan modo un relato coral desde la vivencia sin adjetivos, sin grandes ambiciones, nos ayuda a entender mejor el estado de \u00e1nimo, la temperatura pol\u00edtica de esos d\u00edas\u201d.<\/p>\n<p>En este sentido manifest\u00f3 que \u201cnos ayuda a rememorar la manera en que todos sab\u00edamos que el Golpe se acercaba, aunque muchos a\u00f1os despu\u00e9s entender\u00edamos que acabar con la democracia chilena era, quiz\u00e1s, una decisi\u00f3n tomada desde el momento mismo en que el Congreso ratific\u00f3 \u2013como se hac\u00eda entonces\u2013 la elecci\u00f3n de Salvador Allende Gossens\u201d.<\/p>\n<p>Subray\u00f3 que \u201cnecesitamos conocer y reconocernos en esas historias para que el Nunca M\u00e1s sea una fuerza viva y operante en nuestra convivencia cotidiana. Necesitamos testimonios como los que conforman este libro, porque nos ayudan a comprendernos mejor y a avanzar en el camino de la verdad, la justicia y la reparaci\u00f3n\u201d.<br \/>\nWWW.LA LACION.CL<\/p>\n","protected":false},"excerpt":{"rendered":"<p>\u201cMi 11 de septiembre, 24 periodistas relatan su vivencia\u201d, es el libro que ad portas de conmemorarse los 44 a\u00f1os de la intervenci\u00f3n militar que derroc\u00f3 el gobierno del extinto Salvador Allende, publicaron profesionales de las comunicaciones que en primera persona y en sus puestos de trabajo relatan los hechos que se sucedieron a contar [&hellip;]<\/p>\n","protected":false},"author":51,"featured_media":0,"comment_status":"open","ping_status":"open","sticky":false,"template":"","format":"standard","meta":{"footnotes":""},"categories":[1],"tags":[1635,93,1628],"class_list":["post-23604","post","type-post","status-publish","format-standard","hentry","category-uncategorized","tag-nacional","tag-pais","tag-uncategorized"],"_links":{"self":[{"href":"http:\/\/www.lanuevaopcion.cl\/index.php?rest_route=\/wp\/v2\/posts\/23604","targetHints":{"allow":["GET"]}}],"collection":[{"href":"http:\/\/www.lanuevaopcion.cl\/index.php?rest_route=\/wp\/v2\/posts"}],"about":[{"href":"http:\/\/www.lanuevaopcion.cl\/index.php?rest_route=\/wp\/v2\/types\/post"}],"author":[{"embeddable":true,"href":"http:\/\/www.lanuevaopcion.cl\/index.php?rest_route=\/wp\/v2\/users\/51"}],"replies":[{"embeddable":true,"href":"http:\/\/www.lanuevaopcion.cl\/index.php?rest_route=%2Fwp%2Fv2%2Fcomments&post=23604"}],"version-history":[{"count":1,"href":"http:\/\/www.lanuevaopcion.cl\/index.php?rest_route=\/wp\/v2\/posts\/23604\/revisions"}],"predecessor-version":[{"id":23605,"href":"http:\/\/www.lanuevaopcion.cl\/index.php?rest_route=\/wp\/v2\/posts\/23604\/revisions\/23605"}],"wp:attachment":[{"href":"http:\/\/www.lanuevaopcion.cl\/index.php?rest_route=%2Fwp%2Fv2%2Fmedia&parent=23604"}],"wp:term":[{"taxonomy":"category","embeddable":true,"href":"http:\/\/www.lanuevaopcion.cl\/index.php?rest_route=%2Fwp%2Fv2%2Fcategories&post=23604"},{"taxonomy":"post_tag","embeddable":true,"href":"http:\/\/www.lanuevaopcion.cl\/index.php?rest_route=%2Fwp%2Fv2%2Ftags&post=23604"}],"curies":[{"name":"wp","href":"https:\/\/api.w.org\/{rel}","templated":true}]}}