{"id":23515,"date":"2017-07-26T17:05:52","date_gmt":"2017-07-26T17:05:52","guid":{"rendered":"http:\/\/www.lanuevaopcion.cl\/?p=23515"},"modified":"2017-07-26T17:06:07","modified_gmt":"2017-07-26T17:06:07","slug":"fotos-asi-comenzaron-en-venezuela-las-48-horas-de-huelga-general","status":"publish","type":"post","link":"http:\/\/www.lanuevaopcion.cl\/?p=23515","title":{"rendered":"[FOTOS] AS\u00cd COMENZARON EN VENEZUELA LAS 48 HORAS DE HUELGA GENERAL"},"content":{"rendered":"<p><img loading=\"lazy\" decoding=\"async\"  alt=\"\" src=\"http:\/\/lanacion-wordpress.s3.amazonaws.com\/wp-content\/uploads\/2017\/07\/000_QZ724-324x160.jpg\" class=\"alignleft\" width=\"324\" height=\"160\" \/ class=\"alignleft\" style=\"margin-right:15px;margin-bottom:10px;float:left;\" ><br \/>\nLa oposici\u00f3n venezolana llam\u00f3 a un \u201cparo c\u00edvico\u201d que comenz\u00f3 al amanecer en el pa\u00eds caribe\u00f1o. Calles bloqueadas y avenidas vac\u00edas, son la t\u00f3nica de esta jornada la cual marca un d\u00eda clave para la oposici\u00f3n y su plan de frenar la Constituyente de Maduro. Mira las im\u00e1genes a continuaci\u00f3n.<br \/>\n<!--more--><br \/>\nhttp:\/\/lanacion.cl\/2017\/07\/26\/fotos-asi-comenzaron-en-venezuela-las-48-horas-de-huelga-general\/<br \/>\nFUENTE. LA NACION.CL<br \/>\nvea todas las imagenes en el link la nacion.cl<\/p>\n","protected":false},"excerpt":{"rendered":"<p>La oposici\u00f3n venezolana llam\u00f3 a un \u201cparo c\u00edvico\u201d que comenz\u00f3 al amanecer en el pa\u00eds caribe\u00f1o. Calles bloqueadas y avenidas vac\u00edas, son la t\u00f3nica de esta jornada la cual marca un d\u00eda clave para la oposici\u00f3n y su plan de frenar la Constituyente de Maduro. Mira las im\u00e1genes a continuaci\u00f3n.<\/p>\n","protected":false},"author":51,"featured_media":0,"comment_status":"open","ping_status":"open","sticky":false,"template":"","format":"standard","meta":{"footnotes":""},"categories":[1],"tags":[1630,77,172],"class_list":["post-23515","post","type-post","status-publish","format-standard","hentry","category-uncategorized","tag-internacional","tag-mundo","tag-venezuela"],"_links":{"self":[{"href":"http:\/\/www.lanuevaopcion.cl\/index.php?rest_route=\/wp\/v2\/posts\/23515","targetHints":{"allow":["GET"]}}],"collection":[{"href":"http:\/\/www.lanuevaopcion.cl\/index.php?rest_route=\/wp\/v2\/posts"}],"about":[{"href":"http:\/\/www.lanuevaopcion.cl\/index.php?rest_route=\/wp\/v2\/types\/post"}],"author":[{"embeddable":true,"href":"http:\/\/www.lanuevaopcion.cl\/index.php?rest_route=\/wp\/v2\/users\/51"}],"replies":[{"embeddable":true,"href":"http:\/\/www.lanuevaopcion.cl\/index.php?rest_route=%2Fwp%2Fv2%2Fcomments&post=23515"}],"version-history":[{"count":2,"href":"http:\/\/www.lanuevaopcion.cl\/index.php?rest_route=\/wp\/v2\/posts\/23515\/revisions"}],"predecessor-version":[{"id":23517,"href":"http:\/\/www.lanuevaopcion.cl\/index.php?rest_route=\/wp\/v2\/posts\/23515\/revisions\/23517"}],"wp:attachment":[{"href":"http:\/\/www.lanuevaopcion.cl\/index.php?rest_route=%2Fwp%2Fv2%2Fmedia&parent=23515"}],"wp:term":[{"taxonomy":"category","embeddable":true,"href":"http:\/\/www.lanuevaopcion.cl\/index.php?rest_route=%2Fwp%2Fv2%2Fcategories&post=23515"},{"taxonomy":"post_tag","embeddable":true,"href":"http:\/\/www.lanuevaopcion.cl\/index.php?rest_route=%2Fwp%2Fv2%2Ftags&post=23515"}],"curies":[{"name":"wp","href":"https:\/\/api.w.org\/{rel}","templated":true}]}}