{"id":23513,"date":"2017-07-26T16:58:38","date_gmt":"2017-07-26T16:58:38","guid":{"rendered":"http:\/\/www.lanuevaopcion.cl\/?p=23513"},"modified":"2017-07-26T16:58:38","modified_gmt":"2017-07-26T16:58:38","slug":"joaquin-lavin-funa-a-jovenes-que-intentaron-destruir-camara-de-seguridad","status":"publish","type":"post","link":"http:\/\/www.lanuevaopcion.cl\/?p=23513","title":{"rendered":"JOAQU\u00cdN LAV\u00cdN FUNA A J\u00d3VENES QUE INTENTARON DESTRUIR C\u00c1MARA DE SEGURIDAD"},"content":{"rendered":"<p><img loading=\"lazy\" decoding=\"async\"  alt=\"\" src=\"http:\/\/lanacion-wordpress.s3.amazonaws.com\/wp-content\/uploads\/2017\/07\/Joaqu%C3%ADn-Lav%C3%ADn-324x160.jpg\" class=\"alignleft\" width=\"324\" height=\"160\" \/ class=\"alignleft\" style=\"margin-right:15px;margin-bottom:10px;float:left;\" ><br \/>\nEl alcalde de Las Condes, Joaqu\u00edn Lav\u00edn, fun\u00f3 a un grupo de j\u00f3venes que intent\u00f3 destruir una c\u00e1mara de seguridad en la comuna el s\u00e1bado durante la noche. Los responsables utilizaron objetos contundentes para da\u00f1ar el aparato.<\/p>\n<p>A trav\u00e9s de redes sociales, el jefe comunal pregunt\u00f3 que \u201c\u00bfqui\u00e9nes son?\u201d, agregando que \u201caparecen porque no se dieron cuenta que la c\u00e1mara es anti vand\u00e1lica\u201d.<\/p>\n<p>De esa forma a\u00f1adi\u00f3 que \u201crompe-paga en espacios p\u00fablicos\u201d.<br \/>\n<!--more--><br \/>\n\u201cSe present\u00f3 denuncia a Carabineros y Tribunales. Hay que ser duros contra quienes intentan destruir los espacios p\u00fablicos\u201d, a\u00f1adi\u00f3.<br \/>\nhttp:\/\/lanacion.cl\/2017\/07\/26\/joaquin-lavin-funa-a-jovenes-que-intentaron-destruir-camara-de-seguridad\/<br \/>\nFUENTE. LA NACION.CL<\/p>\n","protected":false},"excerpt":{"rendered":"<p>El alcalde de Las Condes, Joaqu\u00edn Lav\u00edn, fun\u00f3 a un grupo de j\u00f3venes que intent\u00f3 destruir una c\u00e1mara de seguridad en la comuna el s\u00e1bado durante la noche. Los responsables utilizaron objetos contundentes para da\u00f1ar el aparato. A trav\u00e9s de redes sociales, el jefe comunal pregunt\u00f3 que \u201c\u00bfqui\u00e9nes son?\u201d, agregando que \u201caparecen porque no se [&hellip;]<\/p>\n","protected":false},"author":51,"featured_media":0,"comment_status":"open","ping_status":"open","sticky":false,"template":"","format":"standard","meta":{"footnotes":""},"categories":[1],"tags":[257,1635,93],"class_list":["post-23513","post","type-post","status-publish","format-standard","hentry","category-uncategorized","tag-muni","tag-nacional","tag-pais"],"_links":{"self":[{"href":"http:\/\/www.lanuevaopcion.cl\/index.php?rest_route=\/wp\/v2\/posts\/23513","targetHints":{"allow":["GET"]}}],"collection":[{"href":"http:\/\/www.lanuevaopcion.cl\/index.php?rest_route=\/wp\/v2\/posts"}],"about":[{"href":"http:\/\/www.lanuevaopcion.cl\/index.php?rest_route=\/wp\/v2\/types\/post"}],"author":[{"embeddable":true,"href":"http:\/\/www.lanuevaopcion.cl\/index.php?rest_route=\/wp\/v2\/users\/51"}],"replies":[{"embeddable":true,"href":"http:\/\/www.lanuevaopcion.cl\/index.php?rest_route=%2Fwp%2Fv2%2Fcomments&post=23513"}],"version-history":[{"count":1,"href":"http:\/\/www.lanuevaopcion.cl\/index.php?rest_route=\/wp\/v2\/posts\/23513\/revisions"}],"predecessor-version":[{"id":23514,"href":"http:\/\/www.lanuevaopcion.cl\/index.php?rest_route=\/wp\/v2\/posts\/23513\/revisions\/23514"}],"wp:attachment":[{"href":"http:\/\/www.lanuevaopcion.cl\/index.php?rest_route=%2Fwp%2Fv2%2Fmedia&parent=23513"}],"wp:term":[{"taxonomy":"category","embeddable":true,"href":"http:\/\/www.lanuevaopcion.cl\/index.php?rest_route=%2Fwp%2Fv2%2Fcategories&post=23513"},{"taxonomy":"post_tag","embeddable":true,"href":"http:\/\/www.lanuevaopcion.cl\/index.php?rest_route=%2Fwp%2Fv2%2Ftags&post=23513"}],"curies":[{"name":"wp","href":"https:\/\/api.w.org\/{rel}","templated":true}]}}