{"id":23511,"date":"2017-07-25T20:22:52","date_gmt":"2017-07-25T20:22:52","guid":{"rendered":"http:\/\/www.lanuevaopcion.cl\/?p=23511"},"modified":"2017-07-25T20:22:52","modified_gmt":"2017-07-25T20:22:52","slug":"pinera-critico-a-meo-por-negociar-salida-al-mar-para-bolivia","status":"publish","type":"post","link":"http:\/\/www.lanuevaopcion.cl\/?p=23511","title":{"rendered":"Pi\u00f1era critic\u00f3 a MEO por negociar salida al mar para Bolivia"},"content":{"rendered":"<p><img loading=\"lazy\" decoding=\"async\"  alt=\"\" src=\"http:\/\/lanacion-wordpress.s3.amazonaws.com\/wp-content\/uploads\/2017\/07\/Aton_273425-324x235.jpg\" class=\"alignleft\" width=\"324\" height=\"235\" \/ class=\"alignleft\" style=\"margin-right:15px;margin-bottom:10px;float:left;\" >El candidato presidencial de Chile Vamos, Sebasti\u00e1n Pi\u00f1era, critic\u00f3 las reuniones que ha llevado a cabo el abanderado del PRO, Marco Enr\u00edquez-Ominami, con el Mandatario boliviano, Evo Morales, para tratar temas de la demanda mar\u00edtima.<\/p>\n<p>\u201cCreo que aqu\u00ed hay una gran confusi\u00f3n porque a veces por querer lograr cierta notoriedad, que tambi\u00e9n no logran de otra forma, est\u00e1n comprometiendo la unidad y el sentido de Estado que siempre debe tener la pol\u00edtica exterior de nuestro pa\u00eds\u201d, indic\u00f3 Pi\u00f1era.<br \/>\n<!--more--><br \/>\nPreviamente el candidato del PRO se\u00f1al\u00f3 que \u201cpensando en el bien de los chilenos, le voy a expresar al Presidente de Bolivia que creo un error que para ir de La Paz a Santiago pasemos por Holanda\u201d. <\/p>\n<p>En ese sentido, Enr\u00edquez-Ominami dijo estar \u201cconvencido de que es perfectamente posible un acuerdo distinto. Que el presidente de Bolivia retire la demanda contra Chile ante La Haya y yo como futuro Presidente me comprometo a retirar la demanda de Chile contra Bolivia ante La Haya\u201d.<\/p>\n<p>Frente a esto, el ex Mandatario sostuvo que \u201chay una larga y valiosa tradici\u00f3n en nuestro pa\u00eds, que en materia de soberan\u00eda, de l\u00edmites y relaciones exteriores se trata como una pol\u00edtica de Estado y, en consecuencia, es el Gobierno de Chile a trav\u00e9s de sus distintos presidentes los que llevan la pol\u00edtica exterior particularmente cuando se trata de problemas de soberan\u00eda, territorio y de mar\u201d.<\/p>\n<p>\u201cCreo que ese principio se rompe cuando los candidatos hacen ofertas como si estuvieran representando a toda la sociedad chilena. La pol\u00edtica exterior debe ser una pol\u00edtica de Estado, as\u00ed lo hemos entendido los chilenos durante toda nuestra historia republicana\u201d, enfatiz\u00f3.<br \/>\nhttp:\/\/lanacion.cl\/2017\/07\/25\/pinera-critico-a-me-o-por-negociar-salida-al-mar-para-bolivia\/<br \/>\nFUENTE. LA NACION.CL<\/p>\n","protected":false},"excerpt":{"rendered":"<p>El candidato presidencial de Chile Vamos, Sebasti\u00e1n Pi\u00f1era, critic\u00f3 las reuniones que ha llevado a cabo el abanderado del PRO, Marco Enr\u00edquez-Ominami, con el Mandatario boliviano, Evo Morales, para tratar temas de la demanda mar\u00edtima. \u201cCreo que aqu\u00ed hay una gran confusi\u00f3n porque a veces por querer lograr cierta notoriedad, que tambi\u00e9n no logran de [&hellip;]<\/p>\n","protected":false},"author":51,"featured_media":0,"comment_status":"open","ping_status":"open","sticky":false,"template":"","format":"standard","meta":{"footnotes":""},"categories":[1],"tags":[1635,93,1628],"class_list":["post-23511","post","type-post","status-publish","format-standard","hentry","category-uncategorized","tag-nacional","tag-pais","tag-uncategorized"],"_links":{"self":[{"href":"http:\/\/www.lanuevaopcion.cl\/index.php?rest_route=\/wp\/v2\/posts\/23511","targetHints":{"allow":["GET"]}}],"collection":[{"href":"http:\/\/www.lanuevaopcion.cl\/index.php?rest_route=\/wp\/v2\/posts"}],"about":[{"href":"http:\/\/www.lanuevaopcion.cl\/index.php?rest_route=\/wp\/v2\/types\/post"}],"author":[{"embeddable":true,"href":"http:\/\/www.lanuevaopcion.cl\/index.php?rest_route=\/wp\/v2\/users\/51"}],"replies":[{"embeddable":true,"href":"http:\/\/www.lanuevaopcion.cl\/index.php?rest_route=%2Fwp%2Fv2%2Fcomments&post=23511"}],"version-history":[{"count":1,"href":"http:\/\/www.lanuevaopcion.cl\/index.php?rest_route=\/wp\/v2\/posts\/23511\/revisions"}],"predecessor-version":[{"id":23512,"href":"http:\/\/www.lanuevaopcion.cl\/index.php?rest_route=\/wp\/v2\/posts\/23511\/revisions\/23512"}],"wp:attachment":[{"href":"http:\/\/www.lanuevaopcion.cl\/index.php?rest_route=%2Fwp%2Fv2%2Fmedia&parent=23511"}],"wp:term":[{"taxonomy":"category","embeddable":true,"href":"http:\/\/www.lanuevaopcion.cl\/index.php?rest_route=%2Fwp%2Fv2%2Fcategories&post=23511"},{"taxonomy":"post_tag","embeddable":true,"href":"http:\/\/www.lanuevaopcion.cl\/index.php?rest_route=%2Fwp%2Fv2%2Ftags&post=23511"}],"curies":[{"name":"wp","href":"https:\/\/api.w.org\/{rel}","templated":true}]}}