{"id":23214,"date":"2017-01-27T10:30:26","date_gmt":"2017-01-27T10:30:26","guid":{"rendered":"http:\/\/www.lanuevaopcion.cl\/?p=23214"},"modified":"2017-01-27T10:30:26","modified_gmt":"2017-01-27T10:30:26","slug":"bachelet-se-reunio-con-empresarios-y-dirigentes-para-coordinar-acciones-por-los-incendios","status":"publish","type":"post","link":"http:\/\/www.lanuevaopcion.cl\/?p=23214","title":{"rendered":"Bachelet se reuni\u00f3 con empresarios y dirigentes para coordinar acciones por los incendios"},"content":{"rendered":"<p><img loading=\"lazy\" decoding=\"async\"  alt=\"\" src=\"http:\/\/www.lanacion.cl\/noticias\/site\/artic\/20170126\/imag\/foto_0000000520170126194952.jpg\" class=\"alignleft\" width=\"380\" height=\"180\" \/ class=\"alignleft\" style=\"margin-right:15px;margin-bottom:10px;float:left;\" >La Presidenta de la Rep\u00fablica, Michelle Bachelet, lider\u00f3 una reuni\u00f3n este jueves en el Palacio de La Moneda con dirigentes gremiales y empresarios de las zonas afectadas por los incendios forestales que se registran desde Coquimbo a Los Lagos.<br \/>\n<!--more--><br \/>\nEl encuentro, en el que estuvieron presentes el ministro del Interior, Mario Fern\u00e1ndez, y el subsecretario de la cartera, Mahmud Aleuy, tuvo como objetivo coordinar las acciones que permitan seguir enfrentando la emergencia y el apoyo posterior para la reconstrucci\u00f3n.<\/p>\n<p>Finalizada la reuni\u00f3n, el presidente de la C\u00e1mara Chilena de la Construcci\u00f3n, Sergio Torretti, expres\u00f3 que este no es el momento para buscar responsabilidades por los siniestros.<\/p>\n<p>\u201cTenemos que abocarnos a controlar la tragedia y a enfrentar la situaci\u00f3n como pa\u00eds. La principal preocupaci\u00f3n nuestra y del Gobierno son las personas, despu\u00e9s ser\u00e1 el momento para realizar cualquier tipo de an\u00e1lisis\u201d, sostuvo.<\/p>\n<p>Asimismo, afirm\u00f3 que la cita permiti\u00f3 coordinar las acciones de la empresa privada con La Moneda para combatir la cat\u00e1strofe, especialmente en el Maule.<br \/>\nhttp:\/\/www.lanacion.cl\/noticias\/pais\/nacional\/bachelet-se-reunio-con-empresarios-y-dirigentes-para-coordinar-acciones\/2017-01-26\/194952.html<br \/>\nFUENTE. LA NACION.CL<\/p>\n","protected":false},"excerpt":{"rendered":"<p>La Presidenta de la Rep\u00fablica, Michelle Bachelet, lider\u00f3 una reuni\u00f3n este jueves en el Palacio de La Moneda con dirigentes gremiales y empresarios de las zonas afectadas por los incendios forestales que se registran desde Coquimbo a Los Lagos.<\/p>\n","protected":false},"author":51,"featured_media":0,"comment_status":"open","ping_status":"open","sticky":false,"template":"","format":"standard","meta":{"footnotes":""},"categories":[1],"tags":[1635,93],"class_list":["post-23214","post","type-post","status-publish","format-standard","hentry","category-uncategorized","tag-nacional","tag-pais"],"_links":{"self":[{"href":"http:\/\/www.lanuevaopcion.cl\/index.php?rest_route=\/wp\/v2\/posts\/23214","targetHints":{"allow":["GET"]}}],"collection":[{"href":"http:\/\/www.lanuevaopcion.cl\/index.php?rest_route=\/wp\/v2\/posts"}],"about":[{"href":"http:\/\/www.lanuevaopcion.cl\/index.php?rest_route=\/wp\/v2\/types\/post"}],"author":[{"embeddable":true,"href":"http:\/\/www.lanuevaopcion.cl\/index.php?rest_route=\/wp\/v2\/users\/51"}],"replies":[{"embeddable":true,"href":"http:\/\/www.lanuevaopcion.cl\/index.php?rest_route=%2Fwp%2Fv2%2Fcomments&post=23214"}],"version-history":[{"count":1,"href":"http:\/\/www.lanuevaopcion.cl\/index.php?rest_route=\/wp\/v2\/posts\/23214\/revisions"}],"predecessor-version":[{"id":23215,"href":"http:\/\/www.lanuevaopcion.cl\/index.php?rest_route=\/wp\/v2\/posts\/23214\/revisions\/23215"}],"wp:attachment":[{"href":"http:\/\/www.lanuevaopcion.cl\/index.php?rest_route=%2Fwp%2Fv2%2Fmedia&parent=23214"}],"wp:term":[{"taxonomy":"category","embeddable":true,"href":"http:\/\/www.lanuevaopcion.cl\/index.php?rest_route=%2Fwp%2Fv2%2Fcategories&post=23214"},{"taxonomy":"post_tag","embeddable":true,"href":"http:\/\/www.lanuevaopcion.cl\/index.php?rest_route=%2Fwp%2Fv2%2Ftags&post=23214"}],"curies":[{"name":"wp","href":"https:\/\/api.w.org\/{rel}","templated":true}]}}