{"id":23207,"date":"2017-01-25T11:10:43","date_gmt":"2017-01-25T11:10:43","guid":{"rendered":"http:\/\/www.lanuevaopcion.cl\/?p=23207"},"modified":"2017-01-25T11:10:57","modified_gmt":"2017-01-25T11:10:57","slug":"papa-francisco-manifesto-su-cercania-espiritual%e2%80%9d-a-los-afectados-por-los-incendios","status":"publish","type":"post","link":"http:\/\/www.lanuevaopcion.cl\/?p=23207","title":{"rendered":"Papa Francisco manifest\u00f3 su \u00abcercan\u00eda espiritual\u201d a los afectados por los incendios"},"content":{"rendered":"<p><img loading=\"lazy\" decoding=\"async\"  alt=\"\" src=\"http:\/\/www.lanacion.cl\/noticias\/site\/artic\/20170124\/imag\/foto_0000000520170124175405.jpg\" class=\"alignleft\" width=\"380\" height=\"180\" \/ class=\"alignleft\" style=\"margin-right:15px;margin-bottom:10px;float:left;\" >El Papa Francisco expres\u00f3 este martes su cercan\u00eda y solidaridad con las familias que han sufrido los devastadores incendios forestales que han causado graves da\u00f1os en la regi\u00f3n central del pa\u00eds.<br \/>\n<!--more--><br \/>\nEl Sumo Pont\u00edfice envi\u00f3 una nota al presidente de la Conferencia Episcopal de Chile, monse\u00f1or Santiago Silva, a trav\u00e9s del Secretario de Estado del Vaticano, cardenal Pietro Carolin.<\/p>\n<p>El documento expresa textualmente que \u201cel Santo Padre, al conocer la triste noticia de los incendios que han afectado a ese querido pa\u00eds, ofrece sufragios por el eterno descanso de los fallecidos\u201d.<\/p>\n<p>Al mismo tiempo, manifest\u00f3 su \u00abcercan\u00eda espiritual a los heridos y a cuantos sufren las consecuencias de esta cat\u00e1strofe\u201d.<\/p>\n<p>En el documento, el Papa tambi\u00e9n solicit\u00f3 que se transmita a los familiares de las v\u00edctimas su m\u00e1s sentido p\u00e9same, a la vez que \u201celeva oraciones para que el Se\u00f1or conceda fortaleza y consuelo a los damnificados por las deflagraciones e inspire en todos sentimientos de solidaridad, para que en estos momentos tan dif\u00edciles colaboren eficazmente, con generosidad y caridad, a atenuar el dolor y a superar las adversidades, mientras les imparte de coraz\u00f3n la confortadora bendici\u00f3n apost\u00f3lica\u201d.<br \/>\nhttp:\/\/www.lanacion.cl\/noticias\/pais\/nacional\/papa-francisco-manifesto-su-cercania-espiritual-a-los-afectados-por\/2017-01-24\/175405.html<br \/>\nFUENTE. LA NACION.CL<\/p>\n","protected":false},"excerpt":{"rendered":"<p>El Papa Francisco expres\u00f3 este martes su cercan\u00eda y solidaridad con las familias que han sufrido los devastadores incendios forestales que han causado graves da\u00f1os en la regi\u00f3n central del pa\u00eds.<\/p>\n","protected":false},"author":51,"featured_media":0,"comment_status":"open","ping_status":"open","sticky":false,"template":"","format":"standard","meta":{"footnotes":""},"categories":[1],"tags":[1635,93],"class_list":["post-23207","post","type-post","status-publish","format-standard","hentry","category-uncategorized","tag-nacional","tag-pais"],"_links":{"self":[{"href":"http:\/\/www.lanuevaopcion.cl\/index.php?rest_route=\/wp\/v2\/posts\/23207","targetHints":{"allow":["GET"]}}],"collection":[{"href":"http:\/\/www.lanuevaopcion.cl\/index.php?rest_route=\/wp\/v2\/posts"}],"about":[{"href":"http:\/\/www.lanuevaopcion.cl\/index.php?rest_route=\/wp\/v2\/types\/post"}],"author":[{"embeddable":true,"href":"http:\/\/www.lanuevaopcion.cl\/index.php?rest_route=\/wp\/v2\/users\/51"}],"replies":[{"embeddable":true,"href":"http:\/\/www.lanuevaopcion.cl\/index.php?rest_route=%2Fwp%2Fv2%2Fcomments&post=23207"}],"version-history":[{"count":2,"href":"http:\/\/www.lanuevaopcion.cl\/index.php?rest_route=\/wp\/v2\/posts\/23207\/revisions"}],"predecessor-version":[{"id":23209,"href":"http:\/\/www.lanuevaopcion.cl\/index.php?rest_route=\/wp\/v2\/posts\/23207\/revisions\/23209"}],"wp:attachment":[{"href":"http:\/\/www.lanuevaopcion.cl\/index.php?rest_route=%2Fwp%2Fv2%2Fmedia&parent=23207"}],"wp:term":[{"taxonomy":"category","embeddable":true,"href":"http:\/\/www.lanuevaopcion.cl\/index.php?rest_route=%2Fwp%2Fv2%2Fcategories&post=23207"},{"taxonomy":"post_tag","embeddable":true,"href":"http:\/\/www.lanuevaopcion.cl\/index.php?rest_route=%2Fwp%2Fv2%2Ftags&post=23207"}],"curies":[{"name":"wp","href":"https:\/\/api.w.org\/{rel}","templated":true}]}}