{"id":23201,"date":"2017-01-24T21:34:06","date_gmt":"2017-01-24T21:34:06","guid":{"rendered":"http:\/\/www.lanuevaopcion.cl\/?p=23201"},"modified":"2017-01-24T21:34:06","modified_gmt":"2017-01-24T21:34:06","slug":"pinera-critica-que-no-se-incluyera-a-alcaldes-de-oposicion-en-reunion-por-incendios","status":"publish","type":"post","link":"http:\/\/www.lanuevaopcion.cl\/?p=23201","title":{"rendered":"Pi\u00f1era critica que no se incluyera a alcaldes de oposici\u00f3n en reuni\u00f3n por incendios"},"content":{"rendered":"<p><img loading=\"lazy\" decoding=\"async\"  alt=\"\" src=\"http:\/\/www.lanacion.cl\/noticias\/site\/artic\/20170124\/imag\/foto_0000000520170124163014.jpg\" class=\"alignleft\" width=\"380\" height=\"180\" \/ class=\"alignleft\" style=\"margin-right:15px;margin-bottom:10px;float:left;\" >\u201cMal que gobierno no autorice participaci\u00f3n de alcaldes de comunas m\u00e1s afectadas de la 6 regi\u00f3n, en reuni\u00f3n de an\u00e1lisis de situaci\u00f3n de incendios, por no ser de la Nueva Mayor\u00eda\u201d, sostuvo este martes el ex Presidente Pi\u00f1era en su cuenta de Twitter.<br \/>\n<!--more--><br \/>\nEl ex Mandatario se sum\u00f3 de esta manera a las cr\u00edticas que hicieron los jefes comunales de las comunas de la regi\u00f3n de O\u2019Higgins, afectadas por los incendios forestales, que no fueron incluidos en la reuni\u00f3n que encabez\u00f3 la Presidenta Bachelet en Pumanque.<\/p>\n<p>El alcalde de Santa Cruz, William Ar\u00e9valo, fue el que hizo la denuncia en redes sociales:<\/p>\n<p> \u201cEstamos nuevamente siendo v\u00edctimas de una irresponsabilidad del gobierno, donde estamos divididos por una puerta de donde est\u00e1 la Presidenta con el intendente, con todos los personero que vienen a solucionar el problema, y a nosotros los alcaldes m\u00e1s afectados por esta cat\u00e1strofe, no nos dejan ingresar. Eso no corresponde\u201d, sostuvo, seg\u00fan inform\u00f3 La Tercera.<br \/>\nhttp:\/\/www.lanacion.cl\/noticias\/pais\/politica\/pinera-critica-que-no-se-incluyera-a-alcaldes-de-oposicion-en-reunion\/2017-01-24\/163014.html<br \/>\nFUENTE. LA NACION.CL<\/p>\n","protected":false},"excerpt":{"rendered":"<p>\u201cMal que gobierno no autorice participaci\u00f3n de alcaldes de comunas m\u00e1s afectadas de la 6 regi\u00f3n, en reuni\u00f3n de an\u00e1lisis de situaci\u00f3n de incendios, por no ser de la Nueva Mayor\u00eda\u201d, sostuvo este martes el ex Presidente Pi\u00f1era en su cuenta de Twitter.<\/p>\n","protected":false},"author":51,"featured_media":0,"comment_status":"open","ping_status":"open","sticky":false,"template":"","format":"standard","meta":{"footnotes":""},"categories":[1],"tags":[93,1628],"class_list":["post-23201","post","type-post","status-publish","format-standard","hentry","category-uncategorized","tag-pais","tag-uncategorized"],"_links":{"self":[{"href":"http:\/\/www.lanuevaopcion.cl\/index.php?rest_route=\/wp\/v2\/posts\/23201","targetHints":{"allow":["GET"]}}],"collection":[{"href":"http:\/\/www.lanuevaopcion.cl\/index.php?rest_route=\/wp\/v2\/posts"}],"about":[{"href":"http:\/\/www.lanuevaopcion.cl\/index.php?rest_route=\/wp\/v2\/types\/post"}],"author":[{"embeddable":true,"href":"http:\/\/www.lanuevaopcion.cl\/index.php?rest_route=\/wp\/v2\/users\/51"}],"replies":[{"embeddable":true,"href":"http:\/\/www.lanuevaopcion.cl\/index.php?rest_route=%2Fwp%2Fv2%2Fcomments&post=23201"}],"version-history":[{"count":1,"href":"http:\/\/www.lanuevaopcion.cl\/index.php?rest_route=\/wp\/v2\/posts\/23201\/revisions"}],"predecessor-version":[{"id":23202,"href":"http:\/\/www.lanuevaopcion.cl\/index.php?rest_route=\/wp\/v2\/posts\/23201\/revisions\/23202"}],"wp:attachment":[{"href":"http:\/\/www.lanuevaopcion.cl\/index.php?rest_route=%2Fwp%2Fv2%2Fmedia&parent=23201"}],"wp:term":[{"taxonomy":"category","embeddable":true,"href":"http:\/\/www.lanuevaopcion.cl\/index.php?rest_route=%2Fwp%2Fv2%2Fcategories&post=23201"},{"taxonomy":"post_tag","embeddable":true,"href":"http:\/\/www.lanuevaopcion.cl\/index.php?rest_route=%2Fwp%2Fv2%2Ftags&post=23201"}],"curies":[{"name":"wp","href":"https:\/\/api.w.org\/{rel}","templated":true}]}}