{"id":23197,"date":"2017-01-21T16:54:55","date_gmt":"2017-01-21T16:54:55","guid":{"rendered":"http:\/\/www.lanuevaopcion.cl\/?p=23197"},"modified":"2017-01-21T16:54:55","modified_gmt":"2017-01-21T16:54:55","slug":"michelle-bachelet-recibio-a-francoise-hollande-en-la-moneda","status":"publish","type":"post","link":"http:\/\/www.lanuevaopcion.cl\/?p=23197","title":{"rendered":"Michelle Bachelet recibi\u00f3 a Fran\u00e7oise Hollande en La Moneda"},"content":{"rendered":"<p><img loading=\"lazy\" decoding=\"async\"  alt=\"\" src=\"http:\/\/www.lanacion.cl\/noticias\/site\/artic\/20170121\/imag\/foto_0000000520170121123103.jpg\" class=\"alignleft\" width=\"380\" height=\"180\" \/ class=\"alignleft\" style=\"margin-right:15px;margin-bottom:10px;float:left;\" >En el Palacio de La Moneda, la Presidenta Michelle Bachelet recibi\u00f3 en la ma\u00f1ana de este s\u00e1bado al mandatario franc\u00e9s, Fran\u00e7oise Hollande, quien realiza una visita oficial a nuestro pa\u00eds.<br \/>\n<!--more--><br \/>\nTras los honores de la escolta presidencial y la interpretaci\u00f3n de los himnos nacionales, ambos jefes de Estados presentaron a sus respectivas delegaciones, para luego recibir los honores de la Guardia Presidencial.<\/p>\n<p>Terminada la ceremonia de bienvenida, los Jefes de Estado se trasladaron hasta el Sal\u00f3n de Audiencias, para sostener una reuni\u00f3n de trabajo.<\/p>\n<p>Hollande inici\u00f3 este s\u00e1bado en Chile su \u00faltima gira por Am\u00e9rica Latina, una regi\u00f3n que prioriz\u00f3 durante su presidencia y que hoy est\u00e1 expectante tras la llegada de Donald Trump a la Casa Blanca.<\/p>\n<p>El mandatario franc\u00e9s tendr\u00e1 una cargada agenda en la que se destaca, adem\u00e1s del encuentro con Bachelet, y el lanzamiento del A\u00f1o franco-chileno de la innovaci\u00f3n.<\/p>\n<p>La Presidenta adelant\u00f3 a la AFP el jueves que aprovechar\u00e1 la visita de Hollande para pedirle apoyo en la renegociaci\u00f3n del acuerdo de asociaci\u00f3n que Chile tiene con la Uni\u00f3n Europea.<\/p>\n<p>Chile fue \u00abel primer pa\u00eds que hizo un acuerdo de asociaci\u00f3n con la UE\u00bb, y \u00abqueremos actualizar el nuestro\u00bb, por lo que va a pedir a Hollande que \u00abnos apoye\u00bb, en medio de la incertidumbre causada por la decisi\u00f3n de Reino Unido de abandonar la Uni\u00f3n Europea.<\/p>\n<p>Las delegaciones de ambos pa\u00edses firmar\u00e1n acuerdos en los sectores de la cultura, la defensa, el turismo, la cooperaci\u00f3n en la lucha contra el narcotr\u00e1fico, un tratado de extradici\u00f3n, educaci\u00f3n y trabajo.<\/p>\n<p>Asimismo, abrir\u00e1n un Foro cient\u00edfico y acad\u00e9mico para facilitar los intercambios en estos \u00e1mbitos.<br \/>\nhttp:\/\/www.lanacion.cl\/noticias\/pais\/rree\/michelle-bachelet-recibio-a-francoise-hollande-en-la-moneda\/2017-01-21\/123103.html<br \/>\nFUENTE. LA NACION.CL<\/p>\n","protected":false},"excerpt":{"rendered":"<p>En el Palacio de La Moneda, la Presidenta Michelle Bachelet recibi\u00f3 en la ma\u00f1ana de este s\u00e1bado al mandatario franc\u00e9s, Fran\u00e7oise Hollande, quien realiza una visita oficial a nuestro pa\u00eds.<\/p>\n","protected":false},"author":51,"featured_media":0,"comment_status":"open","ping_status":"open","sticky":false,"template":"","format":"standard","meta":{"footnotes":""},"categories":[1],"tags":[93,150],"class_list":["post-23197","post","type-post","status-publish","format-standard","hentry","category-uncategorized","tag-pais","tag-rree"],"_links":{"self":[{"href":"http:\/\/www.lanuevaopcion.cl\/index.php?rest_route=\/wp\/v2\/posts\/23197","targetHints":{"allow":["GET"]}}],"collection":[{"href":"http:\/\/www.lanuevaopcion.cl\/index.php?rest_route=\/wp\/v2\/posts"}],"about":[{"href":"http:\/\/www.lanuevaopcion.cl\/index.php?rest_route=\/wp\/v2\/types\/post"}],"author":[{"embeddable":true,"href":"http:\/\/www.lanuevaopcion.cl\/index.php?rest_route=\/wp\/v2\/users\/51"}],"replies":[{"embeddable":true,"href":"http:\/\/www.lanuevaopcion.cl\/index.php?rest_route=%2Fwp%2Fv2%2Fcomments&post=23197"}],"version-history":[{"count":1,"href":"http:\/\/www.lanuevaopcion.cl\/index.php?rest_route=\/wp\/v2\/posts\/23197\/revisions"}],"predecessor-version":[{"id":23198,"href":"http:\/\/www.lanuevaopcion.cl\/index.php?rest_route=\/wp\/v2\/posts\/23197\/revisions\/23198"}],"wp:attachment":[{"href":"http:\/\/www.lanuevaopcion.cl\/index.php?rest_route=%2Fwp%2Fv2%2Fmedia&parent=23197"}],"wp:term":[{"taxonomy":"category","embeddable":true,"href":"http:\/\/www.lanuevaopcion.cl\/index.php?rest_route=%2Fwp%2Fv2%2Fcategories&post=23197"},{"taxonomy":"post_tag","embeddable":true,"href":"http:\/\/www.lanuevaopcion.cl\/index.php?rest_route=%2Fwp%2Fv2%2Ftags&post=23197"}],"curies":[{"name":"wp","href":"https:\/\/api.w.org\/{rel}","templated":true}]}}