{"id":23195,"date":"2017-01-20T12:32:36","date_gmt":"2017-01-20T12:32:36","guid":{"rendered":"http:\/\/www.lanuevaopcion.cl\/?p=23195"},"modified":"2017-01-20T12:32:36","modified_gmt":"2017-01-20T12:32:36","slug":"%e2%80%9cchapo%e2%80%9d-guzman-ya-esta-en-nueva-york-tras-ser-extraditado","status":"publish","type":"post","link":"http:\/\/www.lanuevaopcion.cl\/?p=23195","title":{"rendered":"\u201cChapo\u201d Guzm\u00e1n ya est\u00e1 en Nueva York tras ser extraditado"},"content":{"rendered":"<p><img loading=\"lazy\" decoding=\"async\"  alt=\"\" src=\"http:\/\/www.lanacion.cl\/noticias\/site\/artic\/20170120\/imag\/foto_0000000520170120082401.jpg\" class=\"alignleft\" width=\"380\" height=\"180\" \/ class=\"alignleft\" style=\"margin-right:15px;margin-bottom:10px;float:left;\" >El poderoso narcotraficante mexicano Joaqu\u00edn \u00abEl Chapo\u00bb Guzm\u00e1n comparecer\u00e1 por primera vez ante la justicia estadounidense tras llegar el jueves de noche a Nueva York luego de su extradici\u00f3n desde M\u00e9xico.<br \/>\n<!--more--><br \/>\n\u00abEl Chapo\u00bb, que fue durante muchos a\u00f1os el narco m\u00e1s temido del planeta, aterriz\u00f3 en el aeropuerto MacArthur de Long Island en Islip, Nueva York, y enfrenta en Estados Unidos seis cargos penales, inform\u00f3 el departamento de Justicia en un comunicado.<\/p>\n<p>La prensa estadounidense asegura que comparecer\u00e1 en la corte federal en Brooklyn este viernes.<\/p>\n<p>Hasta ahora Guzm\u00e1n se encontraba preso en una c\u00e1rcel federal de la mexicana Ciudad Ju\u00e1rez, fronteriza con la estadounidense El Paso, en Texas.<\/p>\n<p>El departamento de Justicia expres\u00f3 asimismo su \u00abgratitud\u00bb al gobierno mexicano por su \u00abcooperaci\u00f3n y asistencia\u00bb al entregar a Guzm\u00e1n a la justicia estadounidense.<\/p>\n<p>Guzm\u00e1n tambi\u00e9n es requerido por tribunales de California y Texas por los delitos de homicidio y narcotr\u00e1fico.<\/p>\n<p>SORPRESA PARA LA DEFENSA<\/p>\n<p>Silvia Delgado, abogada de Guzm\u00e1n en Ciudad Ju\u00e1rez, dijo a la televisora Milenio que no han sido notificados de la extradici\u00f3n y que conocieron la noticia por los medios.<\/p>\n<p>\u00abLo hicieron de manera ilegal porque a\u00fan no se resuelve el recurso pendiente de revisi\u00f3n (&#8230;) Somos los principales sorprendidos por esta noticia, no tenemos ninguna informaci\u00f3n por parte de las autoridades\u00bb, dijo Delgado.<\/p>\n<p>La abogada explic\u00f3 que visit\u00f3 a Guzm\u00e1n el jueves de ma\u00f1ana, que lo vio \u00abtranquilo\u00bb y que le pidi\u00f3 que enviara una carta al presidente Enrique Pe\u00f1a Nieto para denunciar \u00abtoda la violaci\u00f3n a sus derechos humanos\u00bb.<\/p>\n<p>La defensa de Guzm\u00e1n aleg\u00f3 para evitar la extradici\u00f3n que la justicia de Texas podr\u00eda condenarlo a la pena de muerte, lo que ir\u00eda en contra del tratado de extradici\u00f3n entre ambos pa\u00edses, pues en M\u00e9xico se aboli\u00f3 la pena capital.<\/p>\n<p>El juez a cargo del caso desestim\u00f3 el argumento, mientras que la Suprema Corte rechaz\u00f3 este jueves estudiar su caso.<\/p>\n<p>La extradici\u00f3n cumple \u00ablas normas constitucionales, los requisitos establecidos en el tratado bilateral y dem\u00e1s disposiciones legales vigentes para su emisi\u00f3n\u00bb, sostuvo la canciller\u00eda mexicana en el comunicado.<\/p>\n<p>FECHA SIMB\u00d3LICA<\/p>\n<p>La extradici\u00f3n tuvo lugar horas antes de que asuma la presidencia estadounidense el magnate inmobiliario Donald Trump, que ha acusado a los inmigrantes indocumentados mexicanos en el pa\u00eds de \u00abnarcotraficantes\u00bb, \u00abvioladores\u00bb y \u00abcriminales\u00bb y quiere construir un muro en la frontera con M\u00e9xico.<\/p>\n<p>El suprocurador encargado de asuntos jur\u00eddicos e internacionales de la fiscal\u00eda general de M\u00e9xico, Alberto El\u00edas Beltr\u00e1n, asegur\u00f3 en rueda de prensa que la determinaci\u00f3n de extraditar a Guzm\u00e1n a horas de la investidura de Trump no fue motivada por asuntos de pol\u00edtica internacional.<\/p>\n<p>El ejecutivo no interviene en las decisiones y tiempos del poder judicial, dijo.<\/p>\n<p>\u00abHoy fue resuelto (el caso por la justicia) y nosotros en t\u00e9rminos del tratado internacional tenemos que hacer la entrega inmediata\u00bb a Estados Unidos, asegur\u00f3.<\/p>\n<p>No obstante, el experto en seguridad y exagente de la inteligencia mexicana Alejandro Hope consider\u00f3 en declaraciones a la AFP que \u00abno quer\u00edan que Trump pudiera jactarse, as\u00ed que lograron entregarlo en los \u00faltimos minutos\u00bb del gobierno del presidente saliente Barack Obama.<\/p>\n<p>\u00abLa fecha (de la extradici\u00f3n) es muy simb\u00f3lica, es un acto del gobierno de M\u00e9xico para hacerle observar a Barack Obama y Donald Trump que M\u00e9xico est\u00e1 haciendo verdaderos esfuerzos para combatir al narcotr\u00e1fico\u00bb, dijo de su lado Ra\u00fal Ben\u00edtez Manaut, experto en asuntos de seguridad de la estatal Universidad Nacional Aut\u00f3noma de M\u00e9xico.<\/p>\n<p>Guzm\u00e1n, quien ha sido uno de los jefes del narcotr\u00e1fico m\u00e1s poderosos de M\u00e9xico, fue capturado por primera vez en 1993 en Guatemala y entregado a M\u00e9xico, pero en enero de 2001 se fug\u00f3 de un penal federal del estado de Jalisco.<\/p>\n<p>Se inici\u00f3 entonces una cacer\u00eda que dur\u00f3 hasta febrero de 2014, cuando fue recapturado en el puerto de Mazatl\u00e1n y trasladado al penal de m\u00e1xima seguridad de El Altiplano, en el Estado de M\u00e9xico, vecino de la capital.<\/p>\n<p>Pero Guzm\u00e1n protagoniz\u00f3 una segunda espectacular fuga en julio de 2015 a trav\u00e9s de un kilom\u00e9trico t\u00fanel, lo que fue considerado una humillaci\u00f3n para la presidencia de Enrique Pe\u00f1a Nieto.<\/p>\n<p>El 8 de enero de 2016 fue detenido por tercera vez en Los Mochis, luego de lo cual el gobierno determin\u00f3 entregarlo a Estados Unidos.<br \/>\nhttp:\/\/www.lanacion.cl\/noticias\/mundo\/eeuu\/chapo-guzman-ya-esta-en-nueva-york-tras-ser-extraditado\/2017-01-20\/082401.html<br \/>\nFUENTE. LA NACION.CL<\/p>\n","protected":false},"excerpt":{"rendered":"<p>El poderoso narcotraficante mexicano Joaqu\u00edn \u00abEl Chapo\u00bb Guzm\u00e1n comparecer\u00e1 por primera vez ante la justicia estadounidense tras llegar el jueves de noche a Nueva York luego de su extradici\u00f3n desde M\u00e9xico.<\/p>\n","protected":false},"author":51,"featured_media":0,"comment_status":"open","ping_status":"open","sticky":false,"template":"","format":"standard","meta":{"footnotes":""},"categories":[1],"tags":[147,77],"class_list":["post-23195","post","type-post","status-publish","format-standard","hentry","category-uncategorized","tag-eeuu","tag-mundo"],"_links":{"self":[{"href":"http:\/\/www.lanuevaopcion.cl\/index.php?rest_route=\/wp\/v2\/posts\/23195","targetHints":{"allow":["GET"]}}],"collection":[{"href":"http:\/\/www.lanuevaopcion.cl\/index.php?rest_route=\/wp\/v2\/posts"}],"about":[{"href":"http:\/\/www.lanuevaopcion.cl\/index.php?rest_route=\/wp\/v2\/types\/post"}],"author":[{"embeddable":true,"href":"http:\/\/www.lanuevaopcion.cl\/index.php?rest_route=\/wp\/v2\/users\/51"}],"replies":[{"embeddable":true,"href":"http:\/\/www.lanuevaopcion.cl\/index.php?rest_route=%2Fwp%2Fv2%2Fcomments&post=23195"}],"version-history":[{"count":1,"href":"http:\/\/www.lanuevaopcion.cl\/index.php?rest_route=\/wp\/v2\/posts\/23195\/revisions"}],"predecessor-version":[{"id":23196,"href":"http:\/\/www.lanuevaopcion.cl\/index.php?rest_route=\/wp\/v2\/posts\/23195\/revisions\/23196"}],"wp:attachment":[{"href":"http:\/\/www.lanuevaopcion.cl\/index.php?rest_route=%2Fwp%2Fv2%2Fmedia&parent=23195"}],"wp:term":[{"taxonomy":"category","embeddable":true,"href":"http:\/\/www.lanuevaopcion.cl\/index.php?rest_route=%2Fwp%2Fv2%2Fcategories&post=23195"},{"taxonomy":"post_tag","embeddable":true,"href":"http:\/\/www.lanuevaopcion.cl\/index.php?rest_route=%2Fwp%2Fv2%2Ftags&post=23195"}],"curies":[{"name":"wp","href":"https:\/\/api.w.org\/{rel}","templated":true}]}}