{"id":23193,"date":"2017-01-18T10:09:17","date_gmt":"2017-01-18T10:09:17","guid":{"rendered":"http:\/\/www.lanuevaopcion.cl\/?p=23193"},"modified":"2017-01-18T10:09:17","modified_gmt":"2017-01-18T10:09:17","slug":"pinera-visito-lugar-del-atentado-en-canete-%e2%80%9cesto-fue-un-delito-terrorista%e2%80%9d","status":"publish","type":"post","link":"http:\/\/www.lanuevaopcion.cl\/?p=23193","title":{"rendered":"Pi\u00f1era visit\u00f3 lugar del atentado en Ca\u00f1ete: \u201cEsto fue un delito terrorista\u201d"},"content":{"rendered":"<p><img loading=\"lazy\" decoding=\"async\"  alt=\"\" src=\"http:\/\/www.lanacion.cl\/noticias\/site\/artic\/20170117\/imag\/foto_0000000520170117172909.jpg\" class=\"alignleft\" width=\"380\" height=\"180\" \/ class=\"alignleft\" style=\"margin-right:15px;margin-bottom:10px;float:left;\" >El ex Presidente Sebasti\u00e1n Pi\u00f1era se traslad\u00f3 este martes a Ca\u00f1ete, en la Regi\u00f3n del Biob\u00edo, para entrevistarse con los familiares de Jos\u00e9 Retamal Medina, el cuidador del fundo Santa Clarisa que muri\u00f3 en el atentado incendiario perpetrado la madrugada del domingo.<br \/>\n<!--more--><br \/>\nEl encuentro estaba pactado para las 11:00 horas, pero el ex Mandatario lleg\u00f3 con dos horas de retraso y las hijas del trabajador fallecido debieron irse a retirar el cuerpo de su padre al Servicio M\u00e9dico Legal de Concepci\u00f3n, por lo que la cita no se pudo concretar.<\/p>\n<p>De todas formas, Pi\u00f1era se entrevist\u00f3 con el alcalde de Ca\u00f1ete, Jorge Radonich (RN), y con otras v\u00edctimas de la violencia en la zona, pero a su llegada a la Municipalidad se encontr\u00f3 con la comunera mapuche Mariely Me\u00f1ac, quien lo encar\u00f3 por la militarizaci\u00f3n del territorio y la enajenaci\u00f3n de las tierras, tras lo cual le trat\u00f3 de lanzar agua sin conseguir su objetivo.<\/p>\n<p>\u00abtomar el toro por las astas\u00bb<\/p>\n<p>Tras el encuentro, Pi\u00f1era se traslad\u00f3 hasta el lugar del atentado en el fundo Santa Clarisa, donde observ\u00f3 los restos calcinados de la vivienda que ocupaba Retamal.<\/p>\n<p>En el lugar, el ex Presidente afirm\u00f3 que \u201cprobablemente los que cometieron este cruel y brutal asesinato sab\u00edan que don Jos\u00e9 estaba en la casa. Esto fue un delito terrorista cuyo objetivo es causar terror, temor\u2026 Y no solamente a las v\u00edctimas, a toda la gente humilde de esta zona, a las autoridades, a los fiscales, a los jueces, con el prop\u00f3sito de lograr sus perversos objetivos por las buenas o por las malas, como ellos mismos lo dijeron\u201d.<\/p>\n<p>\u201cEstoy convencido que lleg\u00f3 el punto de tomar el toro por las astas. Toda democracia tiene no s\u00f3lo el derecho, sino que la obligaci\u00f3n de defenderse del terrorismo, que es un enemigo cruel, implacable, que no respeta a nada ni a nadie. Hay que combatirlo con toda la fuerza de la ley\u201d, afirm\u00f3.<\/p>\n<p>Pi\u00f1era a\u00f1adi\u00f3 que \u201cen la provincia de Arauco, igual que en otras partes de Chile, cerca de Tir\u00faa, por ejemplo, hay lugares donde ni los carabineros se atreven a entrar, mucho menos las autoridades, y eso sin duda que es un grave quebrantamiento del Estado de Derecho\u201d.<\/p>\n<p>\u201cCuando una provincia entera y gran parte de La Araucan\u00eda viven permanentemente con temor de incluso ser quemados vivos, como ya ha ocurrido en m\u00e1s de una ocasi\u00f3n, eso es un atentado brutal a la libertad, al derecho de la gente de vivir en paz\u201d, enfatiz\u00f3.<\/p>\n<p>Finalmente, asever\u00f3 que el Ejecutivo ha sido \u201ctremendamente d\u00e9bil y ambiguo\u201d en estos casos, pidi\u00f3 que aplique la Ley Antiterrorista y exigi\u00f3 que el pr\u00f3ximo Gobierno aplique medidas m\u00e1s modernas en esta materia como los agentes encubiertos y los testigos protegidos \u201cde verdad\u201d.<br \/>\nhttp:\/\/www.lanacion.cl\/noticias\/regiones\/bio-bio\/pinera-visito-lugar-del-atentado-en-canete-esto-fue-un-delito\/2017-01-17\/172909.html<br \/>\nFUENTE. LA NACION.CL<\/p>\n","protected":false},"excerpt":{"rendered":"<p>El ex Presidente Sebasti\u00e1n Pi\u00f1era se traslad\u00f3 este martes a Ca\u00f1ete, en la Regi\u00f3n del Biob\u00edo, para entrevistarse con los familiares de Jos\u00e9 Retamal Medina, el cuidador del fundo Santa Clarisa que muri\u00f3 en el atentado incendiario perpetrado la madrugada del domingo.<\/p>\n","protected":false},"author":51,"featured_media":0,"comment_status":"open","ping_status":"open","sticky":false,"template":"","format":"standard","meta":{"footnotes":""},"categories":[1],"tags":[93,36],"class_list":["post-23193","post","type-post","status-publish","format-standard","hentry","category-uncategorized","tag-pais","tag-religion"],"_links":{"self":[{"href":"http:\/\/www.lanuevaopcion.cl\/index.php?rest_route=\/wp\/v2\/posts\/23193","targetHints":{"allow":["GET"]}}],"collection":[{"href":"http:\/\/www.lanuevaopcion.cl\/index.php?rest_route=\/wp\/v2\/posts"}],"about":[{"href":"http:\/\/www.lanuevaopcion.cl\/index.php?rest_route=\/wp\/v2\/types\/post"}],"author":[{"embeddable":true,"href":"http:\/\/www.lanuevaopcion.cl\/index.php?rest_route=\/wp\/v2\/users\/51"}],"replies":[{"embeddable":true,"href":"http:\/\/www.lanuevaopcion.cl\/index.php?rest_route=%2Fwp%2Fv2%2Fcomments&post=23193"}],"version-history":[{"count":1,"href":"http:\/\/www.lanuevaopcion.cl\/index.php?rest_route=\/wp\/v2\/posts\/23193\/revisions"}],"predecessor-version":[{"id":23194,"href":"http:\/\/www.lanuevaopcion.cl\/index.php?rest_route=\/wp\/v2\/posts\/23193\/revisions\/23194"}],"wp:attachment":[{"href":"http:\/\/www.lanuevaopcion.cl\/index.php?rest_route=%2Fwp%2Fv2%2Fmedia&parent=23193"}],"wp:term":[{"taxonomy":"category","embeddable":true,"href":"http:\/\/www.lanuevaopcion.cl\/index.php?rest_route=%2Fwp%2Fv2%2Fcategories&post=23193"},{"taxonomy":"post_tag","embeddable":true,"href":"http:\/\/www.lanuevaopcion.cl\/index.php?rest_route=%2Fwp%2Fv2%2Ftags&post=23193"}],"curies":[{"name":"wp","href":"https:\/\/api.w.org\/{rel}","templated":true}]}}