{"id":23191,"date":"2017-01-17T15:52:03","date_gmt":"2017-01-17T15:52:03","guid":{"rendered":"http:\/\/www.lanuevaopcion.cl\/?p=23191"},"modified":"2017-01-17T15:52:03","modified_gmt":"2017-01-17T15:52:03","slug":"udi-insiste-en-que-%e2%80%9cdara-una-batalla-en-sala%e2%80%9d-por-proyecto-de-aborto","status":"publish","type":"post","link":"http:\/\/www.lanuevaopcion.cl\/?p=23191","title":{"rendered":"UDI insiste en que \u201cdar\u00e1 una batalla en sala\u201d por proyecto de aborto"},"content":{"rendered":"<p><img loading=\"lazy\" decoding=\"async\"  alt=\"\" src=\"http:\/\/www.lanacion.cl\/noticias\/site\/artic\/20170117\/imag\/foto_0000000520170117084638.jpg\" class=\"alignleft\" width=\"380\" height=\"180\" \/ class=\"alignleft\" style=\"margin-right:15px;margin-bottom:10px;float:left;\" >El senador de la UDI, Hern\u00e1n Larra\u00edn, insisti\u00f3 en que la oposici\u00f3n \u201cdar\u00e1 una batalla en sala\u201d al proyecto de ley que busca despenalizar el aborto en 3 causales. Esto, luego que la tarde del lunes se aprobara en la comisi\u00f3n Constituci\u00f3n de la C\u00e1mara Alta, la idea de legislar sobre la normativa que permitir\u00eda interrumpir un embarazo bajo las causales de inviabilidad del feto, riesgo de vida para la madre y violaci\u00f3n.<br \/>\n<!--more--><br \/>\nEn este sentido, el parlamentario no descart\u00f3 recurrir al Tribunal Constitucional en caso de ser necesario. \u00abLa Constituci\u00f3n cree que hay vida en el embri\u00f3n y, por eso, exige su salvaguardia porque determina que el derecho a la vida es un derecho humano fundamental. Este proyecto, pues, contradice directamente la Constituci\u00f3n en la disposici\u00f3n mencionada y cabe hacer reserva de constitucionalidad al respecto\u00bb, remarc\u00f3 a T-13. <\/p>\n<p>Al respecto, el ex timonel de la UDI afirm\u00f3 que el gremialismo discutir\u00e1 en particular los contenidos de la iniciativa con el objetivo de \u201cver si podemos eliminar todo aquello que nos parece que es atentatorio contra el derecho a la vida\u201d, amenazando incluso recurrir al Tribunal Constitucional. <\/p>\n<p>En este sentido, el parlamentario sostuvo que al menos 2 de las tres causales aprobadas en la instancia parlamentaria son, a su juicio, \u201cobjetables\u201d por el ordenamiento jur\u00eddico chileno, ya que este defiende el derecho de la persona que est\u00e1 por nacer. <\/p>\n<p>Seg\u00fan el legislador, las causales de violaci\u00f3n e inviabilidad del feto, deber\u00edan ser cambiadas de la iniciativa, ya que sostuvo que la vida la madre no corre peligro, no obstante, afirm\u00f3 no recurrir al TC si se modifican estas dos causales.<br \/>\nhttp:\/\/www.lanacion.cl\/noticias\/pais\/politica\/udi-insiste-en-que-dara-una-batalla-en-sala-por-proyecto-de-aborto\/2017-01-17\/084638.html<br \/>\nFUENTE. LA NACION.CL<\/p>\n","protected":false},"excerpt":{"rendered":"<p>El senador de la UDI, Hern\u00e1n Larra\u00edn, insisti\u00f3 en que la oposici\u00f3n \u201cdar\u00e1 una batalla en sala\u201d al proyecto de ley que busca despenalizar el aborto en 3 causales. Esto, luego que la tarde del lunes se aprobara en la comisi\u00f3n Constituci\u00f3n de la C\u00e1mara Alta, la idea de legislar sobre la normativa que permitir\u00eda [&hellip;]<\/p>\n","protected":false},"author":51,"featured_media":0,"comment_status":"open","ping_status":"open","sticky":false,"template":"","format":"standard","meta":{"footnotes":""},"categories":[1],"tags":[93,1628],"class_list":["post-23191","post","type-post","status-publish","format-standard","hentry","category-uncategorized","tag-pais","tag-uncategorized"],"_links":{"self":[{"href":"http:\/\/www.lanuevaopcion.cl\/index.php?rest_route=\/wp\/v2\/posts\/23191","targetHints":{"allow":["GET"]}}],"collection":[{"href":"http:\/\/www.lanuevaopcion.cl\/index.php?rest_route=\/wp\/v2\/posts"}],"about":[{"href":"http:\/\/www.lanuevaopcion.cl\/index.php?rest_route=\/wp\/v2\/types\/post"}],"author":[{"embeddable":true,"href":"http:\/\/www.lanuevaopcion.cl\/index.php?rest_route=\/wp\/v2\/users\/51"}],"replies":[{"embeddable":true,"href":"http:\/\/www.lanuevaopcion.cl\/index.php?rest_route=%2Fwp%2Fv2%2Fcomments&post=23191"}],"version-history":[{"count":1,"href":"http:\/\/www.lanuevaopcion.cl\/index.php?rest_route=\/wp\/v2\/posts\/23191\/revisions"}],"predecessor-version":[{"id":23192,"href":"http:\/\/www.lanuevaopcion.cl\/index.php?rest_route=\/wp\/v2\/posts\/23191\/revisions\/23192"}],"wp:attachment":[{"href":"http:\/\/www.lanuevaopcion.cl\/index.php?rest_route=%2Fwp%2Fv2%2Fmedia&parent=23191"}],"wp:term":[{"taxonomy":"category","embeddable":true,"href":"http:\/\/www.lanuevaopcion.cl\/index.php?rest_route=%2Fwp%2Fv2%2Fcategories&post=23191"},{"taxonomy":"post_tag","embeddable":true,"href":"http:\/\/www.lanuevaopcion.cl\/index.php?rest_route=%2Fwp%2Fv2%2Ftags&post=23191"}],"curies":[{"name":"wp","href":"https:\/\/api.w.org\/{rel}","templated":true}]}}